{"id":6602,"date":"2022-10-11T00:00:00","date_gmt":"2022-10-11T00:00:00","guid":{"rendered":"https:\/\/www.cltweb.org\/2022\/10\/11\/novos-caminhos-para-a-construcao-de-cidades-sustentaveis-o-potencial-da-gestao-coletiva-da-terra-com-base-na-clt\/"},"modified":"2022-10-11T00:00:00","modified_gmt":"2022-10-11T00:00:00","slug":"novos-caminhos-para-a-construcao-de-cidades-sustentaveis-o-potencial-da-gestao-coletiva-da-terra-com-base-na-clt","status":"publish","type":"post","link":"https:\/\/www.cltweb.org\/pt-br\/2022\/10\/11\/novos-caminhos-para-a-construcao-de-cidades-sustentaveis-o-potencial-da-gestao-coletiva-da-terra-com-base-na-clt\/","title":{"rendered":"Novos caminhos para a constru\u00e7\u00e3o de cidades sustent\u00e1veis: o potencial da gest\u00e3o coletiva da terra com base na CLT"},"content":{"rendered":"<p><iframe loading=\"lazy\" title=\"Reprodutor de v\u00eddeo do YouTube\" src=\"https:\/\/www.youtube.com\/embed\/aH9vJY3JwQg\" width=\"560\" height=\"315\" frameborder=\"0\" allowfullscreen=\"allowfullscreen\"><\/iframe><\/p>\n<p><a href=\"https:\/\/www.cltweb.org\/wp-content\/uploads\/2024\/11\/Circuito-Urbano-2022-Convite-1-ING.jpg\"><img loading=\"lazy\" decoding=\"async\" class=\"alignright wp-image-6600\" src=\"https:\/\/www.cltweb.org\/wp-content\/uploads\/2024\/11\/Circuito-Urbano-2022-Convite-1-ING.jpg\" alt=\"Circuito Urbano 2022 Convite 1 ING.\" width=\"313\" height=\"313\"><\/a>A implementa\u00e7\u00e3o do ODS 11 &#8211; cidades sustent\u00e1veis &#8211; tem sido um desafio para os governos nos \u00faltimos anos. Entre os aspectos mais desafiadores para a realiza\u00e7\u00e3o da meta, temos o fornecimento de moradia adequada e a gest\u00e3o democr\u00e1tica da terra. Considerando o contexto espec\u00edfico do Sul Global e a inefic\u00e1cia de suas pol\u00edticas para lidar com as quest\u00f5es levantadas, \u00e9 essencial que o debate explore novos modelos e ferramentas que possam abord\u00e1-las de forma mais adequada. Nesse cen\u00e1rio, surge a proposta de ampliar os debates sobre o Community Land Trust, um modelo reconhecido internacionalmente que tem grande potencial para enfrentar os desafios da moradia e da gest\u00e3o democr\u00e1tica da terra, especialmente no Sul Global. O modelo est\u00e1 previsto na Nova Agenda Urbana como uma ferramenta para garantir moradia sustent\u00e1vel, mas, apesar de os Estados signat\u00e1rios terem se comprometido a apoiar iniciativas de CLT, \u00e9 um modelo ainda pouco conhecido no Sul Global.  <\/p>\n<p><a href=\"https:\/\/www.cltweb.org\/wp-content\/uploads\/2022\/10\/Circuito-Urbano-2022-Convite-1-ESP..jpg\"><img loading=\"lazy\" decoding=\"async\" class=\"alignright wp-image-6599\" src=\"https:\/\/www.cltweb.org\/wp-content\/uploads\/2022\/10\/Circuito-Urbano-2022-Convite-1-ESP.-300x300.jpg\" alt=\"Circuito Urbano 2022 Convite 1 ESP.\" width=\"300\" height=\"300\"><\/a>O evento re\u00fane especialistas internacionais no assunto, com foco em pr\u00e1ticas enraizadas no Sul Global, a fim de debater o potencial do modelo para a constru\u00e7\u00e3o de cidades mais sustent\u00e1veis, em linha com o ODS 11 da Nova Agenda Urbana. O evento faz parte do Outubro Urbano 2022, uma iniciativa do UN-Habitat para a divulga\u00e7\u00e3o de eventos que exploram temas como o direito \u00e0 moradia e \u00e0 cidade. <\/p>\n","protected":false},"excerpt":{"rendered":"<p>O evento re\u00fane especialistas internacionais no assunto, com foco em pr\u00e1ticas enraizadas no Sul Global, a fim de debater o potencial do modelo para a constru\u00e7\u00e3o de cidades mais sustent\u00e1veis, em linha com o ODS 11 da Nova Agenda Urbana. O evento faz parte do Outubro Urbano 2022, uma iniciativa do UN-Habitat para a divulga\u00e7\u00e3o de eventos que exploram temas como o direito \u00e0 moradia e \u00e0 cidade. <\/p>\n","protected":false},"author":1,"featured_media":0,"comment_status":"open","ping_status":"open","sticky":false,"template":"","format":"standard","meta":{"give_campaign_id":0,"_tec_requires_first_save":true,"_kad_blocks_custom_css":"","_kad_blocks_head_custom_js":"","_kad_blocks_body_custom_js":"","_kad_blocks_footer_custom_js":"","_EventAllDay":false,"_EventTimezone":"","_EventStartDate":"","_EventEndDate":"","_EventStartDateUTC":"","_EventEndDateUTC":"","_EventShowMap":false,"_EventShowMapLink":false,"_EventURL":"","_EventCost":"","_EventCostDescription":"","_EventCurrencySymbol":"","_EventCurrencyCode":"","_EventCurrencyPosition":"","_EventDateTimeSeparator":"","_EventTimeRangeSeparator":"","_EventOrganizerID":[],"_EventVenueID":[],"_OrganizerEmail":"","_OrganizerPhone":"","_OrganizerWebsite":"","_VenueAddress":"","_VenueCity":"","_VenueCountry":"","_VenueProvince":"","_VenueState":"","_VenueZip":"","_VenuePhone":"","_VenueURL":"","_VenueStateProvince":"","_VenueLat":"","_VenueLng":"","_VenueShowMap":false,"_VenueShowMapLink":false,"_tribe_blocks_recurrence_rules":"","_tribe_blocks_recurrence_description":"","_tribe_blocks_recurrence_exclusions":"","_jetpack_memberships_contains_paid_content":false,"footnotes":""},"categories":[27],"tags":[],"class_list":["post-6602","post","type-post","status-publish","format-standard","hentry","category-nao-categorizado"],"blocksy_meta":[],"yoast_head":"<!-- This site is optimized with the Yoast SEO Premium plugin v27.5 (Yoast SEO v27.5) - https:\/\/yoast.com\/product\/yoast-seo-premium-wordpress\/ -->\n<title>Novos caminhos para a constru\u00e7\u00e3o de cidades sustent\u00e1veis: o potencial da gest\u00e3o coletiva da terra com base na CLT - International Center for Community Land Trusts<\/title>\n<meta name=\"robots\" content=\"index, follow, max-snippet:-1, max-image-preview:large, max-video-preview:-1\" \/>\n<link rel=\"canonical\" href=\"https:\/\/www.cltweb.org\/pt-br\/2022\/10\/11\/novos-caminhos-para-a-construcao-de-cidades-sustentaveis-o-potencial-da-gestao-coletiva-da-terra-com-base-na-clt\/\" \/>\n<meta property=\"og:locale\" content=\"pt_BR\" \/>\n<meta property=\"og:type\" content=\"article\" \/>\n<meta property=\"og:title\" content=\"Novos caminhos para a constru\u00e7\u00e3o de cidades sustent\u00e1veis: o potencial da gest\u00e3o coletiva da terra com base na CLT\" \/>\n<meta property=\"og:description\" content=\"O evento re\u00fane especialistas internacionais no assunto, com foco em pr\u00e1ticas enraizadas no Sul Global, a fim de debater o potencial do modelo para a constru\u00e7\u00e3o de cidades mais sustent\u00e1veis, em linha com o ODS 11 da Nova Agenda Urbana. O evento faz parte do Outubro Urbano 2022, uma iniciativa do UN-Habitat para a divulga\u00e7\u00e3o de eventos que exploram temas como o direito \u00e0 moradia e \u00e0 cidade.\" \/>\n<meta property=\"og:url\" content=\"https:\/\/www.cltweb.org\/pt-br\/2022\/10\/11\/novos-caminhos-para-a-construcao-de-cidades-sustentaveis-o-potencial-da-gestao-coletiva-da-terra-com-base-na-clt\/\" \/>\n<meta property=\"og:site_name\" content=\"International Center for Community Land Trusts\" \/>\n<meta property=\"article:publisher\" content=\"https:\/\/www.facebook.com\/cltcenter\" \/>\n<meta property=\"article:published_time\" content=\"2022-10-11T00:00:00+00:00\" \/>\n<meta name=\"author\" content=\"cltredesign_0jp0l4\" \/>\n<meta name=\"twitter:card\" content=\"summary_large_image\" \/>\n<meta name=\"twitter:creator\" content=\"@Center4CLTs\" \/>\n<meta name=\"twitter:site\" content=\"@Center4CLTs\" \/>\n<meta name=\"twitter:label1\" content=\"Escrito por\" \/>\n\t<meta name=\"twitter:data1\" content=\"cltredesign_0jp0l4\" \/>\n\t<meta name=\"twitter:label2\" content=\"Est. tempo de leitura\" \/>\n\t<meta name=\"twitter:data2\" content=\"1 minuto\" \/>\n<script type=\"application\/ld+json\" class=\"yoast-schema-graph\">{\"@context\":\"https:\\\/\\\/schema.org\",\"@graph\":[{\"@type\":\"Article\",\"@id\":\"https:\\\/\\\/www.cltweb.org\\\/pt-br\\\/2022\\\/10\\\/11\\\/novos-caminhos-para-a-construcao-de-cidades-sustentaveis-o-potencial-da-gestao-coletiva-da-terra-com-base-na-clt\\\/#article\",\"isPartOf\":{\"@id\":\"https:\\\/\\\/www.cltweb.org\\\/pt-br\\\/2022\\\/10\\\/11\\\/novos-caminhos-para-a-construcao-de-cidades-sustentaveis-o-potencial-da-gestao-coletiva-da-terra-com-base-na-clt\\\/\"},\"author\":{\"name\":\"cltredesign_0jp0l4\",\"@id\":\"https:\\\/\\\/www.cltweb.org\\\/pt-br\\\/#\\\/schema\\\/person\\\/afd3723291b60b81c27772953e5b49d6\"},\"headline\":\"Novos caminhos para a constru\u00e7\u00e3o de cidades sustent\u00e1veis: o potencial da gest\u00e3o coletiva da terra com base na CLT\",\"datePublished\":\"2022-10-11T00:00:00+00:00\",\"mainEntityOfPage\":{\"@id\":\"https:\\\/\\\/www.cltweb.org\\\/pt-br\\\/2022\\\/10\\\/11\\\/novos-caminhos-para-a-construcao-de-cidades-sustentaveis-o-potencial-da-gestao-coletiva-da-terra-com-base-na-clt\\\/\"},\"wordCount\":256,\"commentCount\":0,\"publisher\":{\"@id\":\"https:\\\/\\\/www.cltweb.org\\\/pt-br\\\/#organization\"},\"image\":{\"@id\":\"https:\\\/\\\/www.cltweb.org\\\/pt-br\\\/2022\\\/10\\\/11\\\/novos-caminhos-para-a-construcao-de-cidades-sustentaveis-o-potencial-da-gestao-coletiva-da-terra-com-base-na-clt\\\/#primaryimage\"},\"thumbnailUrl\":\"https:\\\/\\\/www.cltweb.org\\\/wp-content\\\/uploads\\\/2024\\\/11\\\/Circuito-Urbano-2022-Convite-1-ING.jpg\",\"articleSection\":[\"N\u00e3o categorizado\"],\"inLanguage\":\"pt-BR\",\"potentialAction\":[{\"@type\":\"CommentAction\",\"name\":\"Comment\",\"target\":[\"https:\\\/\\\/www.cltweb.org\\\/pt-br\\\/2022\\\/10\\\/11\\\/novos-caminhos-para-a-construcao-de-cidades-sustentaveis-o-potencial-da-gestao-coletiva-da-terra-com-base-na-clt\\\/#respond\"]}]},{\"@type\":\"WebPage\",\"@id\":\"https:\\\/\\\/www.cltweb.org\\\/pt-br\\\/2022\\\/10\\\/11\\\/novos-caminhos-para-a-construcao-de-cidades-sustentaveis-o-potencial-da-gestao-coletiva-da-terra-com-base-na-clt\\\/\",\"url\":\"https:\\\/\\\/www.cltweb.org\\\/pt-br\\\/2022\\\/10\\\/11\\\/novos-caminhos-para-a-construcao-de-cidades-sustentaveis-o-potencial-da-gestao-coletiva-da-terra-com-base-na-clt\\\/\",\"name\":\"Novos caminhos para a constru\u00e7\u00e3o de cidades sustent\u00e1veis: o potencial da gest\u00e3o coletiva da terra com base na CLT - International Center for Community Land Trusts\",\"isPartOf\":{\"@id\":\"https:\\\/\\\/www.cltweb.org\\\/pt-br\\\/#website\"},\"primaryImageOfPage\":{\"@id\":\"https:\\\/\\\/www.cltweb.org\\\/pt-br\\\/2022\\\/10\\\/11\\\/novos-caminhos-para-a-construcao-de-cidades-sustentaveis-o-potencial-da-gestao-coletiva-da-terra-com-base-na-clt\\\/#primaryimage\"},\"image\":{\"@id\":\"https:\\\/\\\/www.cltweb.org\\\/pt-br\\\/2022\\\/10\\\/11\\\/novos-caminhos-para-a-construcao-de-cidades-sustentaveis-o-potencial-da-gestao-coletiva-da-terra-com-base-na-clt\\\/#primaryimage\"},\"thumbnailUrl\":\"https:\\\/\\\/www.cltweb.org\\\/wp-content\\\/uploads\\\/2024\\\/11\\\/Circuito-Urbano-2022-Convite-1-ING.jpg\",\"datePublished\":\"2022-10-11T00:00:00+00:00\",\"breadcrumb\":{\"@id\":\"https:\\\/\\\/www.cltweb.org\\\/pt-br\\\/2022\\\/10\\\/11\\\/novos-caminhos-para-a-construcao-de-cidades-sustentaveis-o-potencial-da-gestao-coletiva-da-terra-com-base-na-clt\\\/#breadcrumb\"},\"inLanguage\":\"pt-BR\",\"potentialAction\":[{\"@type\":\"ReadAction\",\"target\":[\"https:\\\/\\\/www.cltweb.org\\\/pt-br\\\/2022\\\/10\\\/11\\\/novos-caminhos-para-a-construcao-de-cidades-sustentaveis-o-potencial-da-gestao-coletiva-da-terra-com-base-na-clt\\\/\"]}]},{\"@type\":\"ImageObject\",\"inLanguage\":\"pt-BR\",\"@id\":\"https:\\\/\\\/www.cltweb.org\\\/pt-br\\\/2022\\\/10\\\/11\\\/novos-caminhos-para-a-construcao-de-cidades-sustentaveis-o-potencial-da-gestao-coletiva-da-terra-com-base-na-clt\\\/#primaryimage\",\"url\":\"https:\\\/\\\/www.cltweb.org\\\/wp-content\\\/uploads\\\/2024\\\/11\\\/Circuito-Urbano-2022-Convite-1-ING.jpg\",\"contentUrl\":\"https:\\\/\\\/www.cltweb.org\\\/wp-content\\\/uploads\\\/2024\\\/11\\\/Circuito-Urbano-2022-Convite-1-ING.jpg\"},{\"@type\":\"BreadcrumbList\",\"@id\":\"https:\\\/\\\/www.cltweb.org\\\/pt-br\\\/2022\\\/10\\\/11\\\/novos-caminhos-para-a-construcao-de-cidades-sustentaveis-o-potencial-da-gestao-coletiva-da-terra-com-base-na-clt\\\/#breadcrumb\",\"itemListElement\":[{\"@type\":\"ListItem\",\"position\":1,\"name\":\"Home\",\"item\":\"https:\\\/\\\/www.cltweb.org\\\/pt-br\\\/\"},{\"@type\":\"ListItem\",\"position\":2,\"name\":\"Novos caminhos para a constru\u00e7\u00e3o de cidades sustent\u00e1veis: o potencial da gest\u00e3o coletiva da terra com base na CLT\"}]},{\"@type\":\"WebSite\",\"@id\":\"https:\\\/\\\/www.cltweb.org\\\/pt-br\\\/#website\",\"url\":\"https:\\\/\\\/www.cltweb.org\\\/pt-br\\\/\",\"name\":\"International Center for Community Land Trusts\",\"description\":\"\",\"publisher\":{\"@id\":\"https:\\\/\\\/www.cltweb.org\\\/pt-br\\\/#organization\"},\"potentialAction\":[{\"@type\":\"SearchAction\",\"target\":{\"@type\":\"EntryPoint\",\"urlTemplate\":\"https:\\\/\\\/www.cltweb.org\\\/pt-br\\\/?s={search_term_string}\"},\"query-input\":{\"@type\":\"PropertyValueSpecification\",\"valueRequired\":true,\"valueName\":\"search_term_string\"}}],\"inLanguage\":\"pt-BR\"},{\"@type\":\"Organization\",\"@id\":\"https:\\\/\\\/www.cltweb.org\\\/pt-br\\\/#organization\",\"name\":\"International Center for Community Land Trusts\",\"url\":\"https:\\\/\\\/www.cltweb.org\\\/pt-br\\\/\",\"logo\":{\"@type\":\"ImageObject\",\"inLanguage\":\"pt-BR\",\"@id\":\"https:\\\/\\\/www.cltweb.org\\\/pt-br\\\/#\\\/schema\\\/logo\\\/image\\\/\",\"url\":\"https:\\\/\\\/www.cltweb.org\\\/wp-content\\\/uploads\\\/2024\\\/11\\\/New-CLT-Center-Text-logo.png\",\"contentUrl\":\"https:\\\/\\\/www.cltweb.org\\\/wp-content\\\/uploads\\\/2024\\\/11\\\/New-CLT-Center-Text-logo.png\",\"width\":227,\"height\":80,\"caption\":\"International Center for Community Land Trusts\"},\"image\":{\"@id\":\"https:\\\/\\\/www.cltweb.org\\\/pt-br\\\/#\\\/schema\\\/logo\\\/image\\\/\"},\"sameAs\":[\"https:\\\/\\\/www.facebook.com\\\/cltcenter\",\"https:\\\/\\\/x.com\\\/Center4CLTs\",\"https:\\\/\\\/www.instagram.com\\\/cltcenter\\\/\",\"https:\\\/\\\/www.linkedin.com\\\/company\\\/cltcenter\",\"https:\\\/\\\/www.youtube.com\\\/@centerforcltinnovation5313\"],\"description\":\"The International Center for Community Land Trusts is a not-for-profit nongovernmental organization established in 2018 to promote and to support community land trusts and similar strategies of community-led development on community-owned land in countries throughout the world.\",\"email\":\"info@communitylandtrust.net\",\"legalName\":\"International Center for Community Land Trusts\",\"foundingDate\":\"2018-12-01\",\"taxID\":\"84-3858933\",\"numberOfEmployees\":{\"@type\":\"QuantitativeValue\",\"minValue\":\"1\",\"maxValue\":\"10\"}},{\"@type\":\"Person\",\"@id\":\"https:\\\/\\\/www.cltweb.org\\\/pt-br\\\/#\\\/schema\\\/person\\\/afd3723291b60b81c27772953e5b49d6\",\"name\":\"cltredesign_0jp0l4\",\"image\":{\"@type\":\"ImageObject\",\"inLanguage\":\"pt-BR\",\"@id\":\"https:\\\/\\\/secure.gravatar.com\\\/avatar\\\/1012e57596c2454da589d773454d3eb22a64f2ff638e62850caeb654f3affad5?s=96&d=mm&r=g\",\"url\":\"https:\\\/\\\/secure.gravatar.com\\\/avatar\\\/1012e57596c2454da589d773454d3eb22a64f2ff638e62850caeb654f3affad5?s=96&d=mm&r=g\",\"contentUrl\":\"https:\\\/\\\/secure.gravatar.com\\\/avatar\\\/1012e57596c2454da589d773454d3eb22a64f2ff638e62850caeb654f3affad5?s=96&d=mm&r=g\",\"caption\":\"cltredesign_0jp0l4\"},\"sameAs\":[\"https:\\\/\\\/icclt.org\"],\"url\":\"https:\\\/\\\/www.cltweb.org\\\/pt-br\\\/author\\\/cltredesign_0jp0l4\\\/\"}]}<\/script>\n<!-- \/ Yoast SEO Premium plugin. -->","yoast_head_json":{"title":"Novos caminhos para a constru\u00e7\u00e3o de cidades sustent\u00e1veis: o potencial da gest\u00e3o coletiva da terra com base na CLT - International Center for Community Land Trusts","robots":{"index":"index","follow":"follow","max-snippet":"max-snippet:-1","max-image-preview":"max-image-preview:large","max-video-preview":"max-video-preview:-1"},"canonical":"https:\/\/www.cltweb.org\/pt-br\/2022\/10\/11\/novos-caminhos-para-a-construcao-de-cidades-sustentaveis-o-potencial-da-gestao-coletiva-da-terra-com-base-na-clt\/","og_locale":"pt_BR","og_type":"article","og_title":"Novos caminhos para a constru\u00e7\u00e3o de cidades sustent\u00e1veis: o potencial da gest\u00e3o coletiva da terra com base na CLT","og_description":"O evento re\u00fane especialistas internacionais no assunto, com foco em pr\u00e1ticas enraizadas no Sul Global, a fim de debater o potencial do modelo para a constru\u00e7\u00e3o de cidades mais sustent\u00e1veis, em linha com o ODS 11 da Nova Agenda Urbana. O evento faz parte do Outubro Urbano 2022, uma iniciativa do UN-Habitat para a divulga\u00e7\u00e3o de eventos que exploram temas como o direito \u00e0 moradia e \u00e0 cidade.","og_url":"https:\/\/www.cltweb.org\/pt-br\/2022\/10\/11\/novos-caminhos-para-a-construcao-de-cidades-sustentaveis-o-potencial-da-gestao-coletiva-da-terra-com-base-na-clt\/","og_site_name":"International Center for Community Land Trusts","article_publisher":"https:\/\/www.facebook.com\/cltcenter","article_published_time":"2022-10-11T00:00:00+00:00","author":"cltredesign_0jp0l4","twitter_card":"summary_large_image","twitter_creator":"@Center4CLTs","twitter_site":"@Center4CLTs","twitter_misc":{"Escrito por":"cltredesign_0jp0l4","Est. tempo de leitura":"1 minuto"},"schema":{"@context":"https:\/\/schema.org","@graph":[{"@type":"Article","@id":"https:\/\/www.cltweb.org\/pt-br\/2022\/10\/11\/novos-caminhos-para-a-construcao-de-cidades-sustentaveis-o-potencial-da-gestao-coletiva-da-terra-com-base-na-clt\/#article","isPartOf":{"@id":"https:\/\/www.cltweb.org\/pt-br\/2022\/10\/11\/novos-caminhos-para-a-construcao-de-cidades-sustentaveis-o-potencial-da-gestao-coletiva-da-terra-com-base-na-clt\/"},"author":{"name":"cltredesign_0jp0l4","@id":"https:\/\/www.cltweb.org\/pt-br\/#\/schema\/person\/afd3723291b60b81c27772953e5b49d6"},"headline":"Novos caminhos para a constru\u00e7\u00e3o de cidades sustent\u00e1veis: o potencial da gest\u00e3o coletiva da terra com base na CLT","datePublished":"2022-10-11T00:00:00+00:00","mainEntityOfPage":{"@id":"https:\/\/www.cltweb.org\/pt-br\/2022\/10\/11\/novos-caminhos-para-a-construcao-de-cidades-sustentaveis-o-potencial-da-gestao-coletiva-da-terra-com-base-na-clt\/"},"wordCount":256,"commentCount":0,"publisher":{"@id":"https:\/\/www.cltweb.org\/pt-br\/#organization"},"image":{"@id":"https:\/\/www.cltweb.org\/pt-br\/2022\/10\/11\/novos-caminhos-para-a-construcao-de-cidades-sustentaveis-o-potencial-da-gestao-coletiva-da-terra-com-base-na-clt\/#primaryimage"},"thumbnailUrl":"https:\/\/www.cltweb.org\/wp-content\/uploads\/2024\/11\/Circuito-Urbano-2022-Convite-1-ING.jpg","articleSection":["N\u00e3o categorizado"],"inLanguage":"pt-BR","potentialAction":[{"@type":"CommentAction","name":"Comment","target":["https:\/\/www.cltweb.org\/pt-br\/2022\/10\/11\/novos-caminhos-para-a-construcao-de-cidades-sustentaveis-o-potencial-da-gestao-coletiva-da-terra-com-base-na-clt\/#respond"]}]},{"@type":"WebPage","@id":"https:\/\/www.cltweb.org\/pt-br\/2022\/10\/11\/novos-caminhos-para-a-construcao-de-cidades-sustentaveis-o-potencial-da-gestao-coletiva-da-terra-com-base-na-clt\/","url":"https:\/\/www.cltweb.org\/pt-br\/2022\/10\/11\/novos-caminhos-para-a-construcao-de-cidades-sustentaveis-o-potencial-da-gestao-coletiva-da-terra-com-base-na-clt\/","name":"Novos caminhos para a constru\u00e7\u00e3o de cidades sustent\u00e1veis: o potencial da gest\u00e3o coletiva da terra com base na CLT - International Center for Community Land Trusts","isPartOf":{"@id":"https:\/\/www.cltweb.org\/pt-br\/#website"},"primaryImageOfPage":{"@id":"https:\/\/www.cltweb.org\/pt-br\/2022\/10\/11\/novos-caminhos-para-a-construcao-de-cidades-sustentaveis-o-potencial-da-gestao-coletiva-da-terra-com-base-na-clt\/#primaryimage"},"image":{"@id":"https:\/\/www.cltweb.org\/pt-br\/2022\/10\/11\/novos-caminhos-para-a-construcao-de-cidades-sustentaveis-o-potencial-da-gestao-coletiva-da-terra-com-base-na-clt\/#primaryimage"},"thumbnailUrl":"https:\/\/www.cltweb.org\/wp-content\/uploads\/2024\/11\/Circuito-Urbano-2022-Convite-1-ING.jpg","datePublished":"2022-10-11T00:00:00+00:00","breadcrumb":{"@id":"https:\/\/www.cltweb.org\/pt-br\/2022\/10\/11\/novos-caminhos-para-a-construcao-de-cidades-sustentaveis-o-potencial-da-gestao-coletiva-da-terra-com-base-na-clt\/#breadcrumb"},"inLanguage":"pt-BR","potentialAction":[{"@type":"ReadAction","target":["https:\/\/www.cltweb.org\/pt-br\/2022\/10\/11\/novos-caminhos-para-a-construcao-de-cidades-sustentaveis-o-potencial-da-gestao-coletiva-da-terra-com-base-na-clt\/"]}]},{"@type":"ImageObject","inLanguage":"pt-BR","@id":"https:\/\/www.cltweb.org\/pt-br\/2022\/10\/11\/novos-caminhos-para-a-construcao-de-cidades-sustentaveis-o-potencial-da-gestao-coletiva-da-terra-com-base-na-clt\/#primaryimage","url":"https:\/\/www.cltweb.org\/wp-content\/uploads\/2024\/11\/Circuito-Urbano-2022-Convite-1-ING.jpg","contentUrl":"https:\/\/www.cltweb.org\/wp-content\/uploads\/2024\/11\/Circuito-Urbano-2022-Convite-1-ING.jpg"},{"@type":"BreadcrumbList","@id":"https:\/\/www.cltweb.org\/pt-br\/2022\/10\/11\/novos-caminhos-para-a-construcao-de-cidades-sustentaveis-o-potencial-da-gestao-coletiva-da-terra-com-base-na-clt\/#breadcrumb","itemListElement":[{"@type":"ListItem","position":1,"name":"Home","item":"https:\/\/www.cltweb.org\/pt-br\/"},{"@type":"ListItem","position":2,"name":"Novos caminhos para a constru\u00e7\u00e3o de cidades sustent\u00e1veis: o potencial da gest\u00e3o coletiva da terra com base na CLT"}]},{"@type":"WebSite","@id":"https:\/\/www.cltweb.org\/pt-br\/#website","url":"https:\/\/www.cltweb.org\/pt-br\/","name":"International Center for Community Land Trusts","description":"","publisher":{"@id":"https:\/\/www.cltweb.org\/pt-br\/#organization"},"potentialAction":[{"@type":"SearchAction","target":{"@type":"EntryPoint","urlTemplate":"https:\/\/www.cltweb.org\/pt-br\/?s={search_term_string}"},"query-input":{"@type":"PropertyValueSpecification","valueRequired":true,"valueName":"search_term_string"}}],"inLanguage":"pt-BR"},{"@type":"Organization","@id":"https:\/\/www.cltweb.org\/pt-br\/#organization","name":"International Center for Community Land Trusts","url":"https:\/\/www.cltweb.org\/pt-br\/","logo":{"@type":"ImageObject","inLanguage":"pt-BR","@id":"https:\/\/www.cltweb.org\/pt-br\/#\/schema\/logo\/image\/","url":"https:\/\/www.cltweb.org\/wp-content\/uploads\/2024\/11\/New-CLT-Center-Text-logo.png","contentUrl":"https:\/\/www.cltweb.org\/wp-content\/uploads\/2024\/11\/New-CLT-Center-Text-logo.png","width":227,"height":80,"caption":"International Center for Community Land Trusts"},"image":{"@id":"https:\/\/www.cltweb.org\/pt-br\/#\/schema\/logo\/image\/"},"sameAs":["https:\/\/www.facebook.com\/cltcenter","https:\/\/x.com\/Center4CLTs","https:\/\/www.instagram.com\/cltcenter\/","https:\/\/www.linkedin.com\/company\/cltcenter","https:\/\/www.youtube.com\/@centerforcltinnovation5313"],"description":"The International Center for Community Land Trusts is a not-for-profit nongovernmental organization established in 2018 to promote and to support community land trusts and similar strategies of community-led development on community-owned land in countries throughout the world.","email":"info@communitylandtrust.net","legalName":"International Center for Community Land Trusts","foundingDate":"2018-12-01","taxID":"84-3858933","numberOfEmployees":{"@type":"QuantitativeValue","minValue":"1","maxValue":"10"}},{"@type":"Person","@id":"https:\/\/www.cltweb.org\/pt-br\/#\/schema\/person\/afd3723291b60b81c27772953e5b49d6","name":"cltredesign_0jp0l4","image":{"@type":"ImageObject","inLanguage":"pt-BR","@id":"https:\/\/secure.gravatar.com\/avatar\/1012e57596c2454da589d773454d3eb22a64f2ff638e62850caeb654f3affad5?s=96&d=mm&r=g","url":"https:\/\/secure.gravatar.com\/avatar\/1012e57596c2454da589d773454d3eb22a64f2ff638e62850caeb654f3affad5?s=96&d=mm&r=g","contentUrl":"https:\/\/secure.gravatar.com\/avatar\/1012e57596c2454da589d773454d3eb22a64f2ff638e62850caeb654f3affad5?s=96&d=mm&r=g","caption":"cltredesign_0jp0l4"},"sameAs":["https:\/\/icclt.org"],"url":"https:\/\/www.cltweb.org\/pt-br\/author\/cltredesign_0jp0l4\/"}]}},"taxonomy_info":{"category":[{"value":27,"label":"N\u00e3o categorizado"}]},"featured_image_src_large":false,"author_info":{"display_name":"cltredesign_0jp0l4","author_link":"https:\/\/www.cltweb.org\/pt-br\/author\/cltredesign_0jp0l4\/"},"comment_info":0,"category_info":[{"term_id":27,"name":"N\u00e3o categorizado","slug":"nao-categorizado","term_group":0,"term_taxonomy_id":27,"taxonomy":"category","description":"","parent":0,"count":20,"filter":"raw","cat_ID":27,"category_count":20,"category_description":"","cat_name":"N\u00e3o categorizado","category_nicename":"nao-categorizado","category_parent":0}],"tag_info":false,"jetpack_featured_media_url":"","jetpack_sharing_enabled":true,"jetpack-related-posts":[{"id":10140,"url":"https:\/\/www.cltweb.org\/pt-br\/2025\/10\/24\/apresentacao-do-modelo-clt-na-conferencia-de-construcao-e-vida-colaborativa-e-social-2025-da-suecia\/","url_meta":{"origin":6602,"position":0},"title":"Apresenta\u00e7\u00e3o do modelo CLT na Confer\u00eancia de Constru\u00e7\u00e3o e Vida Colaborativa e Social 2025 da Su\u00e9cia","author":"Ben Harris","date":"24 de outubro de 2025","format":false,"excerpt":"Por Jonas Lagander, Coompanion A Coompanion participou da confer\u00eancia Collaborative and Social Building and Living deste ano em Bor\u00e5s, na Su\u00e9cia, e organizou dois semin\u00e1rios sobre CLTs. Juntamente com outros parceiros relevantes, eles est\u00e3o envolvidos no projeto \"Sistemas de inova\u00e7\u00e3o local em torno das barreiras para moradias colaborativas e baseadas\u2026","rel":"","context":"Em &quot;Blogs&quot;","block_context":{"text":"Blogs","link":"https:\/\/www.cltweb.org\/pt-br\/category\/blogs-pt-br\/"},"img":{"alt_text":"","src":"https:\/\/i0.wp.com\/www.cltweb.org\/wp-content\/uploads\/2025\/10\/IMG_6480.jpg?resize=350%2C200&ssl=1","width":350,"height":200,"srcset":"https:\/\/i0.wp.com\/www.cltweb.org\/wp-content\/uploads\/2025\/10\/IMG_6480.jpg?resize=350%2C200&ssl=1 1x, https:\/\/i0.wp.com\/www.cltweb.org\/wp-content\/uploads\/2025\/10\/IMG_6480.jpg?resize=525%2C300&ssl=1 1.5x, https:\/\/i0.wp.com\/www.cltweb.org\/wp-content\/uploads\/2025\/10\/IMG_6480.jpg?resize=700%2C400&ssl=1 2x, https:\/\/i0.wp.com\/www.cltweb.org\/wp-content\/uploads\/2025\/10\/IMG_6480.jpg?resize=1050%2C600&ssl=1 3x, https:\/\/i0.wp.com\/www.cltweb.org\/wp-content\/uploads\/2025\/10\/IMG_6480.jpg?resize=1400%2C800&ssl=1 4x"},"classes":[]},{"id":10097,"url":"https:\/\/www.cltweb.org\/pt-br\/2025\/10\/24\/explorando-o-potencial-dos-community-land-trusts-em-buenos-aires\/","url_meta":{"origin":6602,"position":1},"title":"Explorando o potencial dos Community Land Trusts em Buenos Aires","author":"Ben Harris","date":"24 de outubro de 2025","format":false,"excerpt":"Por Tarcyla Fidalgo Em outubro de 2025, como parte da Iniciativa CLT do Sul Global do Centro CLT, a l\u00edder do projeto Tarcyla Fidalgo visitou Buenos Aires, Argentina, para trocar ideias sobre moradia acess\u00edvel, seguran\u00e7a da posse e propriedade coletiva da terra. A visita se baseou no crescente interesse local\u2026","rel":"","context":"Em &quot;Blogs&quot;","block_context":{"text":"Blogs","link":"https:\/\/www.cltweb.org\/pt-br\/category\/blogs-pt-br\/"},"img":{"alt_text":"Tarcyla Fidalgo participates in a seminar at the Public Defender's Office in Buenos Aires, Argentina.","src":"https:\/\/i0.wp.com\/www.cltweb.org\/wp-content\/uploads\/2025\/10\/image-edited.jpeg?resize=350%2C200&ssl=1","width":350,"height":200,"srcset":"https:\/\/i0.wp.com\/www.cltweb.org\/wp-content\/uploads\/2025\/10\/image-edited.jpeg?resize=350%2C200&ssl=1 1x, https:\/\/i0.wp.com\/www.cltweb.org\/wp-content\/uploads\/2025\/10\/image-edited.jpeg?resize=525%2C300&ssl=1 1.5x, https:\/\/i0.wp.com\/www.cltweb.org\/wp-content\/uploads\/2025\/10\/image-edited.jpeg?resize=700%2C400&ssl=1 2x"},"classes":[]},{"id":6598,"url":"https:\/\/www.cltweb.org\/pt-br\/2022\/10\/11\/tirando-terrenos-do-mercado-para-tornar-a-cidade-acessivel\/","url_meta":{"origin":6602,"position":2},"title":"Tirando terrenos do mercado para tornar a cidade acess\u00edvel","author":"cltredesign_0jp0l4","date":"11 de outubro de 2022","format":false,"excerpt":"Ser\u00e1 que uma solu\u00e7\u00e3o para a crise habitacional n\u00e3o poderia ser retirar as moradias e os terrenos do mercado, para que n\u00e3o possam ser especulados e permane\u00e7am acess\u00edveis para sempre? Os Community Land Trusts j\u00e1 est\u00e3o fazendo isso em cidades de todo o mundo. Como isso pode ser ampliado? Qual\u2026","rel":"","context":"Em &quot;N\u00e3o categorizado&quot;","block_context":{"text":"N\u00e3o categorizado","link":"https:\/\/www.cltweb.org\/pt-br\/category\/nao-categorizado\/"},"img":{"alt_text":"Logotipo CLTB","src":"https:\/\/i0.wp.com\/www.cltweb.org\/wp-content\/uploads\/2022\/10\/CLTB_Logo-1024x660.png?resize=350%2C200&ssl=1","width":350,"height":200},"classes":[]},{"id":7238,"url":"https:\/\/www.cltweb.org\/pt-br\/2024\/09\/10\/os-clts-podem-desempenhar-um-papel-na-politica-climatica\/","url_meta":{"origin":6602,"position":3},"title":"Os CLTs podem desempenhar um papel na pol\u00edtica clim\u00e1tica?","author":"cltredesign_0jp0l4","date":"10 de setembro de 2024","format":false,"excerpt":"A contribui\u00e7\u00e3o a seguir foi escrita por Geert De Pauw, Co-Coordenador do Community Land Trust Brussels, como uma contribui\u00e7\u00e3o para o pr\u00f3ximo webinar sobre \"Using CLTs to Deliver Energy Renovation and Permanent Affordability to Existing Housing\" (Usando CLTs para fornecer renova\u00e7\u00e3o de energia e acessibilidade permanente a moradias existentes), em\u2026","rel":"","context":"Em &quot;Blogs&quot;","block_context":{"text":"Blogs","link":"https:\/\/www.cltweb.org\/pt-br\/category\/blogs-pt-br\/"},"img":{"alt_text":"","src":"","width":0,"height":0},"classes":[]},{"id":7210,"url":"https:\/\/www.cltweb.org\/pt-br\/2024\/09\/16\/apoio-ao-projeto-upcycling-trust-perspectiva-de-um-pesquisador\/","url_meta":{"origin":6602,"position":4},"title":"Apoio ao projeto Upcycling Trust: Perspectiva de um pesquisador","author":"cltredesign_0jp0l4","date":"16 de setembro de 2024","format":false,"excerpt":"Por Jeanne Mosseray A contribui\u00e7\u00e3o a seguir foi escrita por Jeanne Mosseray, pesquisadora PhD do Cosmopolis Centre for Urban Research, como uma contribui\u00e7\u00e3o para o pr\u00f3ximo webinar sobre \"Using CLTs to Deliver Energy Renovation and Permanent Affordability to Existing Housing\" (Usando CLTs para fornecer renova\u00e7\u00e3o de energia e acessibilidade permanente\u2026","rel":"","context":"Em &quot;Blogs&quot;","block_context":{"text":"Blogs","link":"https:\/\/www.cltweb.org\/pt-br\/category\/blogs-pt-br\/"},"img":{"alt_text":"","src":"","width":0,"height":0},"classes":[]},{"id":9521,"url":"https:\/\/www.cltweb.org\/pt-br\/2025\/05\/21\/commons-for-justice-clts-em-todos-os-continentes-no-festival-internacional-de-habitacao-social\/","url_meta":{"origin":6602,"position":5},"title":"Commons for Justice: CLTs em todos os continentes no Festival Internacional de Habita\u00e7\u00e3o Social","author":"Ben Harris","date":"21 de maio de 2025","format":false,"excerpt":"Em uma \u00e9poca marcada por crises habitacionais, mercados de terras extrativistas e crescente desigualdade, as comunidades de todo o mundo est\u00e3o recuperando os bens comuns. No 2025 International Social Housing Festival, em Dublin, Irlanda (4 a 6 de junho), a European Community Land Trust Network realizar\u00e1 um semin\u00e1rio de 105\u2026","rel":"","context":"Em &quot;Blogs&quot;","block_context":{"text":"Blogs","link":"https:\/\/www.cltweb.org\/pt-br\/category\/blogs-pt-br\/"},"img":{"alt_text":"","src":"https:\/\/i0.wp.com\/www.cltweb.org\/wp-content\/uploads\/2025\/05\/Juliet-Can.jpeg?resize=350%2C200&ssl=1","width":350,"height":200},"classes":[]}],"_links":{"self":[{"href":"https:\/\/www.cltweb.org\/pt-br\/wp-json\/wp\/v2\/posts\/6602","targetHints":{"allow":["GET"]}}],"collection":[{"href":"https:\/\/www.cltweb.org\/pt-br\/wp-json\/wp\/v2\/posts"}],"about":[{"href":"https:\/\/www.cltweb.org\/pt-br\/wp-json\/wp\/v2\/types\/post"}],"author":[{"embeddable":true,"href":"https:\/\/www.cltweb.org\/pt-br\/wp-json\/wp\/v2\/users\/1"}],"replies":[{"embeddable":true,"href":"https:\/\/www.cltweb.org\/pt-br\/wp-json\/wp\/v2\/comments?post=6602"}],"version-history":[{"count":0,"href":"https:\/\/www.cltweb.org\/pt-br\/wp-json\/wp\/v2\/posts\/6602\/revisions"}],"wp:attachment":[{"href":"https:\/\/www.cltweb.org\/pt-br\/wp-json\/wp\/v2\/media?parent=6602"}],"wp:term":[{"taxonomy":"category","embeddable":true,"href":"https:\/\/www.cltweb.org\/pt-br\/wp-json\/wp\/v2\/categories?post=6602"},{"taxonomy":"post_tag","embeddable":true,"href":"https:\/\/www.cltweb.org\/pt-br\/wp-json\/wp\/v2\/tags?post=6602"}],"curies":[{"name":"wp","href":"https:\/\/api.w.org\/{rel}","templated":true}]}}