{"id":7210,"date":"2024-09-16T20:52:00","date_gmt":"2024-09-16T20:52:00","guid":{"rendered":"https:\/\/www.cltweb.org\/2024\/09\/16\/apoio-ao-projeto-upcycling-trust-perspectiva-de-um-pesquisador\/"},"modified":"2024-11-07T22:20:24","modified_gmt":"2024-11-07T22:20:24","slug":"apoio-ao-projeto-upcycling-trust-perspectiva-de-um-pesquisador","status":"publish","type":"post","link":"https:\/\/www.cltweb.org\/pt-br\/2024\/09\/16\/apoio-ao-projeto-upcycling-trust-perspectiva-de-um-pesquisador\/","title":{"rendered":"Apoio ao projeto Upcycling Trust: Perspectiva de um pesquisador"},"content":{"rendered":"\n<p class=\"has-medium-font-size\"><strong>Por Jeanne Mosseray<\/strong><\/p>\n\n<p><em><strong>A contribui\u00e7\u00e3o a seguir foi escrita por Jeanne Mosseray, pesquisadora PhD do Cosmopolis Centre for Urban Research, como uma contribui\u00e7\u00e3o para o pr\u00f3ximo webinar sobre &#8220;Using CLTs to Deliver Energy Renovation and Permanent Affordability to Existing Housing&#8221; (Usando CLTs para fornecer renova\u00e7\u00e3o de energia e acessibilidade permanente a moradias existentes), em 25 de setembro.  <\/strong><\/em><\/p>\n\n<p>Como pesquisador acad\u00eamico sobre habita\u00e7\u00e3o do projeto Upcycling Trust, apoio os <a href=\"https:\/\/upcyclingtrust.nweurope.eu\/partners\" target=\"_blank\" rel=\"noreferrer noopener\">parceiros implementadores<\/a> oferecendo reflex\u00f5es cr\u00edticas e perspectivas sobre as iniciativas que estamos desenvolvendo. Nossa meta \u00e9 renovar o estoque de moradias existentes em v\u00e1rios contextos, incluindo <a href=\"https:\/\/upcyclingtrust.nweurope.eu\/pilot-projects\" target=\"_blank\" rel=\"noreferrer noopener\">Bruxelas, Lille, Ghent, Cork e Rennes<\/a>, aplicando o modelo de fundo de terras comunit\u00e1rio. Essa abordagem envolve a colabora\u00e7\u00e3o com os atuais propriet\u00e1rios do conjunto habitacional existente para explorar cen\u00e1rios arquitet\u00f4nicos, t\u00e9cnicos e financeiros para a renova\u00e7\u00e3o, o que pode incluir a altera\u00e7\u00e3o do modelo de propriedade.    <\/p>\n\n<h4 class=\"wp-block-heading\" id=\"h-challenges-in-diverse-contexts\"><strong>Desafios em diversos contextos<\/strong><\/h4>\n\n<p>Do meu ponto de vista, um importante desafio do projeto \u00e9 gerenciar a diversidade de contextos em diferentes regi\u00f5es. Embora, como projeto coletivo, tenhamos o objetivo de desenvolver um novo modelo europeu de <a href=\"\" target=\"\" rel=\"noopener\">renova\u00e7\u00e3o de moradias que aborde a crise habitacional<\/a>, a situa\u00e7\u00e3o de propriedade em cada contexto exige que inventemos e promovamos diferentes ferramentas de implementa\u00e7\u00e3o. Por exemplo, na Fran\u00e7a, nossos parceiros de Rennes e Lille enfrentam pol\u00edticas nacionais que visam \u00e0 redu\u00e7\u00e3o e, portanto, \u00e0 venda do estoque de moradias sociais que precisam de renova\u00e7\u00e3o, o que os leva a buscar solu\u00e7\u00f5es maiores e mais institucionais. Enquanto isso, na B\u00e9lgica e na Irlanda &#8211; Community Land Trust Brussels (CLTB), Community Land Trust Ghent (CLTG), Cork Community Land Trust (CCLT) &#8211; o projeto \u00e9 apoiado por estruturas inovadoras menores, que prop\u00f5em solu\u00e7\u00f5es mais localizadas, de &#8220;acupuntura&#8221;, \u00e0 medida que concebem o potencial do modelo para aplica\u00e7\u00e3o em larga escala. Apesar da diversidade de contextos, alguns desafios s\u00e3o universalmente relevantes em um debate mais amplo sobre renova\u00e7\u00e3o de moradias e moradias populares.      <\/p>\n\n<h4 class=\"wp-block-heading\" id=\"h-community-building-across-a-scattered-territory\"><strong>Cria\u00e7\u00e3o de comunidade em um territ\u00f3rio disperso<\/strong><\/h4>\n\n<p>Um dos maiores desafios para o CLTB e o CLTG \u00e9 criar ou fortalecer uma comunidade em um territ\u00f3rio disperso. Em ambos os contextos, as duas organiza\u00e7\u00f5es v\u00eam construindo suas comunidades em torno da vis\u00e3o de uma cidade mais justa e antiespeculativa. Na pr\u00e1tica, elas puderam contar com a cria\u00e7\u00e3o de grupos de moradores que constru\u00edram coletivamente projetos habitacionais em edif\u00edcios compartilhados. Esse senso de comunidade, centrado na conviv\u00eancia, est\u00e1 menos presente no projeto do Upcycling Trust. Em muitos projetos de renova\u00e7\u00e3o exemplares ou inspiradores que encontramos, as renova\u00e7\u00f5es geralmente ocorrem na escala de um edif\u00edcio, rua, quarteir\u00e3o ou bairro. No projeto Upcycling Trust, alguns pilotos (Lille, Rennes e Cork) podem aproveitar essa proximidade espacial para criar uma comunidade. Nessa etapa do projeto, a escala e o foco territorial j\u00e1 s\u00e3o aspectos fundamentais que influenciam o contato inicial com os moradores, levantando a quest\u00e3o: <em>como come\u00e7amos a nos envolver com os propriet\u00e1rios de im\u00f3veis?<\/em>      <\/p>\n\n<h4 class=\"wp-block-heading\" id=\"h-the-origin-of-the-initiative\"><strong>A origem da iniciativa<\/strong><\/h4>\n\n<p>Os parceiros do projeto podem ser amplamente classificados em duas categorias: (1) departamentos de habita\u00e7\u00e3o de autoridades regionais ou municipais e (2) organiza\u00e7\u00f5es associativas. As duas abordagens explicam os dois enfoques diferentes em rela\u00e7\u00e3o \u00e0 constru\u00e7\u00e3o da comunidade. Os parceiros mais institucionais t\u00eam como objetivo desenvolver uma grande quantidade de moradias, enquanto as organiza\u00e7\u00f5es associativas, com menos recursos, desenvolvem seus projetos em um ritmo alinhado com seus recursos e com as necessidades da comunidade.  <\/p>\n\n<p>Embora a primeira abordagem possa ser classificada como &#8220;de cima para baixo&#8221; e a segunda como &#8220;de baixo para cima&#8221;, ambas requerem o envolvimento do propriet\u00e1rio ou ocupante da casa, j\u00e1 que nenhum dos pilotos come\u00e7ou com os pr\u00f3prios moradores. Esse processo de envolvimento, que atualmente definimos como &#8220;convencimento&#8221; e &#8220;informa\u00e7\u00e3o sobre os benef\u00edcios do modelo&#8221;, ser\u00e1 fundamental para o nosso trabalho. Podemos imaginar que a linguagem e a abordagem evoluir\u00e3o e se adaptar\u00e3o por meio do di\u00e1logo cont\u00ednuo com os propriet\u00e1rios-ocupantes.    <\/p>\n\n<h4 class=\"wp-block-heading\" id=\"h-homeowner-or-public-social-housing-into-clts\"><strong>Propriet\u00e1rio de casa pr\u00f3pria ou habita\u00e7\u00e3o social p\u00fablica em CLTs<\/strong><\/h4>\n\n<p>Um \u00faltimo desafio importante para o projeto Upcycling Trust \u00e9 o p\u00fablico variado e os propriet\u00e1rios a quem cada contexto se dirige. Um denominador comum do modelo \u00e9 <a href=\"\" target=\"\" rel=\"noopener\">abordar ambientes\/moradias constru\u00eddos existentes<\/a>, mas a posse da casa varia muito. Se o resultado final tiver como objetivo ampliar ou manter o estoque antiespeculativo nas cidades, o processo de envolvimento de uma entidade p\u00fablica com v\u00e1rios propriet\u00e1rios ou de uma infinidade de propriet\u00e1rios particulares exigir\u00e1 diferentes m\u00e9todos, partes interessadas e estrat\u00e9gias de renova\u00e7\u00e3o. Isso tamb\u00e9m coloca uma quest\u00e3o \u00e9tica sobre os futuros moradores dessas casas rec\u00e9m-reformadas que, por padr\u00e3o, est\u00e3o inclu\u00eddos nos pilotos de propriedade privada, enquanto a manuten\u00e7\u00e3o dos inquilinos atuais durante a reforma acrescentar\u00e1 outra camada de complexidade.   <\/p>\n\n<hr class=\"wp-block-separator has-alpha-channel-opacity\"\/>\n\n<p><em>As vis\u00f5es e opini\u00f5es expressas neste artigo s\u00e3o de responsabilidade do autor.<\/em><\/p>\n","protected":false},"excerpt":{"rendered":"<p>Por Jeanne Mosseray A contribui\u00e7\u00e3o a seguir foi escrita por Jeanne Mosseray, pesquisadora PhD do Cosmopolis Centre for Urban Research, como uma contribui\u00e7\u00e3o para o pr\u00f3ximo webinar sobre &#8220;Using CLTs [&hellip;]<\/p>\n","protected":false},"author":1,"featured_media":0,"comment_status":"closed","ping_status":"open","sticky":false,"template":"","format":"standard","meta":{"give_campaign_id":0,"_tec_requires_first_save":true,"_kad_blocks_custom_css":"","_kad_blocks_head_custom_js":"","_kad_blocks_body_custom_js":"","_kad_blocks_footer_custom_js":"","_EventAllDay":false,"_EventTimezone":"","_EventStartDate":"","_EventEndDate":"","_EventStartDateUTC":"","_EventEndDateUTC":"","_EventShowMap":false,"_EventShowMapLink":false,"_EventURL":"","_EventCost":"","_EventCostDescription":"","_EventCurrencySymbol":"","_EventCurrencyCode":"","_EventCurrencyPosition":"","_EventDateTimeSeparator":"","_EventTimeRangeSeparator":"","_EventOrganizerID":[],"_EventVenueID":[],"_OrganizerEmail":"","_OrganizerPhone":"","_OrganizerWebsite":"","_VenueAddress":"","_VenueCity":"","_VenueCountry":"","_VenueProvince":"","_VenueState":"","_VenueZip":"","_VenuePhone":"","_VenueURL":"","_VenueStateProvince":"","_VenueLat":"","_VenueLng":"","_VenueShowMap":false,"_VenueShowMapLink":false,"_tribe_blocks_recurrence_rules":"","_tribe_blocks_recurrence_description":"","_tribe_blocks_recurrence_exclusions":"","_jetpack_memberships_contains_paid_content":false,"footnotes":""},"categories":[291],"tags":[],"class_list":["post-7210","post","type-post","status-publish","format-standard","hentry","category-blogs-pt-br"],"blocksy_meta":[],"yoast_head":"<!-- This site is optimized with the Yoast SEO Premium plugin v27.4 (Yoast SEO v27.5) - https:\/\/yoast.com\/product\/yoast-seo-premium-wordpress\/ -->\n<title>Apoio ao projeto Upcycling Trust: Perspectiva de um pesquisador - International Center for Community Land Trusts<\/title>\n<meta name=\"robots\" content=\"index, follow, max-snippet:-1, max-image-preview:large, max-video-preview:-1\" \/>\n<link rel=\"canonical\" href=\"https:\/\/www.cltweb.org\/pt-br\/2024\/09\/16\/apoio-ao-projeto-upcycling-trust-perspectiva-de-um-pesquisador\/\" \/>\n<meta property=\"og:locale\" content=\"pt_BR\" \/>\n<meta property=\"og:type\" content=\"article\" \/>\n<meta property=\"og:title\" content=\"Apoio ao projeto Upcycling Trust: Perspectiva de um pesquisador\" \/>\n<meta property=\"og:description\" content=\"Por Jeanne Mosseray A contribui\u00e7\u00e3o a seguir foi escrita por Jeanne Mosseray, pesquisadora PhD do Cosmopolis Centre for Urban Research, como uma contribui\u00e7\u00e3o para o pr\u00f3ximo webinar sobre &#8220;Using CLTs [&hellip;]\" \/>\n<meta property=\"og:url\" content=\"https:\/\/www.cltweb.org\/pt-br\/2024\/09\/16\/apoio-ao-projeto-upcycling-trust-perspectiva-de-um-pesquisador\/\" \/>\n<meta property=\"og:site_name\" content=\"International Center for Community Land Trusts\" \/>\n<meta property=\"article:publisher\" content=\"https:\/\/www.facebook.com\/cltcenter\" \/>\n<meta property=\"article:published_time\" content=\"2024-09-16T20:52:00+00:00\" \/>\n<meta property=\"article:modified_time\" content=\"2024-11-07T22:20:24+00:00\" \/>\n<meta name=\"author\" content=\"cltredesign_0jp0l4\" \/>\n<meta name=\"twitter:card\" content=\"summary_large_image\" \/>\n<meta name=\"twitter:creator\" content=\"@Center4CLTs\" \/>\n<meta name=\"twitter:site\" content=\"@Center4CLTs\" \/>\n<meta name=\"twitter:label1\" content=\"Escrito por\" \/>\n\t<meta name=\"twitter:data1\" content=\"cltredesign_0jp0l4\" \/>\n\t<meta name=\"twitter:label2\" content=\"Est. tempo de leitura\" \/>\n\t<meta name=\"twitter:data2\" content=\"4 minutos\" \/>\n<script type=\"application\/ld+json\" class=\"yoast-schema-graph\">{\"@context\":\"https:\\\/\\\/schema.org\",\"@graph\":[{\"@type\":\"Article\",\"@id\":\"https:\\\/\\\/www.cltweb.org\\\/pt-br\\\/2024\\\/09\\\/16\\\/apoio-ao-projeto-upcycling-trust-perspectiva-de-um-pesquisador\\\/#article\",\"isPartOf\":{\"@id\":\"https:\\\/\\\/www.cltweb.org\\\/pt-br\\\/2024\\\/09\\\/16\\\/apoio-ao-projeto-upcycling-trust-perspectiva-de-um-pesquisador\\\/\"},\"author\":{\"name\":\"cltredesign_0jp0l4\",\"@id\":\"https:\\\/\\\/www.cltweb.org\\\/pt-br\\\/#\\\/schema\\\/person\\\/afd3723291b60b81c27772953e5b49d6\"},\"headline\":\"Apoio ao projeto Upcycling Trust: Perspectiva de um pesquisador\",\"datePublished\":\"2024-09-16T20:52:00+00:00\",\"dateModified\":\"2024-11-07T22:20:24+00:00\",\"mainEntityOfPage\":{\"@id\":\"https:\\\/\\\/www.cltweb.org\\\/pt-br\\\/2024\\\/09\\\/16\\\/apoio-ao-projeto-upcycling-trust-perspectiva-de-um-pesquisador\\\/\"},\"wordCount\":867,\"publisher\":{\"@id\":\"https:\\\/\\\/www.cltweb.org\\\/pt-br\\\/#organization\"},\"articleSection\":[\"Blogs\"],\"inLanguage\":\"pt-BR\"},{\"@type\":\"WebPage\",\"@id\":\"https:\\\/\\\/www.cltweb.org\\\/pt-br\\\/2024\\\/09\\\/16\\\/apoio-ao-projeto-upcycling-trust-perspectiva-de-um-pesquisador\\\/\",\"url\":\"https:\\\/\\\/www.cltweb.org\\\/pt-br\\\/2024\\\/09\\\/16\\\/apoio-ao-projeto-upcycling-trust-perspectiva-de-um-pesquisador\\\/\",\"name\":\"Apoio ao projeto Upcycling Trust: Perspectiva de um pesquisador - International Center for Community Land Trusts\",\"isPartOf\":{\"@id\":\"https:\\\/\\\/www.cltweb.org\\\/pt-br\\\/#website\"},\"datePublished\":\"2024-09-16T20:52:00+00:00\",\"dateModified\":\"2024-11-07T22:20:24+00:00\",\"breadcrumb\":{\"@id\":\"https:\\\/\\\/www.cltweb.org\\\/pt-br\\\/2024\\\/09\\\/16\\\/apoio-ao-projeto-upcycling-trust-perspectiva-de-um-pesquisador\\\/#breadcrumb\"},\"inLanguage\":\"pt-BR\",\"potentialAction\":[{\"@type\":\"ReadAction\",\"target\":[\"https:\\\/\\\/www.cltweb.org\\\/pt-br\\\/2024\\\/09\\\/16\\\/apoio-ao-projeto-upcycling-trust-perspectiva-de-um-pesquisador\\\/\"]}]},{\"@type\":\"BreadcrumbList\",\"@id\":\"https:\\\/\\\/www.cltweb.org\\\/pt-br\\\/2024\\\/09\\\/16\\\/apoio-ao-projeto-upcycling-trust-perspectiva-de-um-pesquisador\\\/#breadcrumb\",\"itemListElement\":[{\"@type\":\"ListItem\",\"position\":1,\"name\":\"Home\",\"item\":\"https:\\\/\\\/www.cltweb.org\\\/pt-br\\\/\"},{\"@type\":\"ListItem\",\"position\":2,\"name\":\"Apoio ao projeto Upcycling Trust: Perspectiva de um pesquisador\"}]},{\"@type\":\"WebSite\",\"@id\":\"https:\\\/\\\/www.cltweb.org\\\/pt-br\\\/#website\",\"url\":\"https:\\\/\\\/www.cltweb.org\\\/pt-br\\\/\",\"name\":\"International Center for Community Land Trusts\",\"description\":\"\",\"publisher\":{\"@id\":\"https:\\\/\\\/www.cltweb.org\\\/pt-br\\\/#organization\"},\"potentialAction\":[{\"@type\":\"SearchAction\",\"target\":{\"@type\":\"EntryPoint\",\"urlTemplate\":\"https:\\\/\\\/www.cltweb.org\\\/pt-br\\\/?s={search_term_string}\"},\"query-input\":{\"@type\":\"PropertyValueSpecification\",\"valueRequired\":true,\"valueName\":\"search_term_string\"}}],\"inLanguage\":\"pt-BR\"},{\"@type\":\"Organization\",\"@id\":\"https:\\\/\\\/www.cltweb.org\\\/pt-br\\\/#organization\",\"name\":\"International Center for Community Land Trusts\",\"url\":\"https:\\\/\\\/www.cltweb.org\\\/pt-br\\\/\",\"logo\":{\"@type\":\"ImageObject\",\"inLanguage\":\"pt-BR\",\"@id\":\"https:\\\/\\\/www.cltweb.org\\\/pt-br\\\/#\\\/schema\\\/logo\\\/image\\\/\",\"url\":\"https:\\\/\\\/www.cltweb.org\\\/wp-content\\\/uploads\\\/2024\\\/11\\\/New-CLT-Center-Text-logo.png\",\"contentUrl\":\"https:\\\/\\\/www.cltweb.org\\\/wp-content\\\/uploads\\\/2024\\\/11\\\/New-CLT-Center-Text-logo.png\",\"width\":227,\"height\":80,\"caption\":\"International Center for Community Land Trusts\"},\"image\":{\"@id\":\"https:\\\/\\\/www.cltweb.org\\\/pt-br\\\/#\\\/schema\\\/logo\\\/image\\\/\"},\"sameAs\":[\"https:\\\/\\\/www.facebook.com\\\/cltcenter\",\"https:\\\/\\\/x.com\\\/Center4CLTs\",\"https:\\\/\\\/www.instagram.com\\\/cltcenter\\\/\",\"https:\\\/\\\/www.linkedin.com\\\/company\\\/cltcenter\",\"https:\\\/\\\/www.youtube.com\\\/@centerforcltinnovation5313\"],\"description\":\"The International Center for Community Land Trusts is a not-for-profit nongovernmental organization established in 2018 to promote and to support community land trusts and similar strategies of community-led development on community-owned land in countries throughout the world.\",\"email\":\"info@communitylandtrust.net\",\"legalName\":\"International Center for Community Land Trusts\",\"foundingDate\":\"2018-12-01\",\"taxID\":\"84-3858933\",\"numberOfEmployees\":{\"@type\":\"QuantitativeValue\",\"minValue\":\"1\",\"maxValue\":\"10\"}},{\"@type\":\"Person\",\"@id\":\"https:\\\/\\\/www.cltweb.org\\\/pt-br\\\/#\\\/schema\\\/person\\\/afd3723291b60b81c27772953e5b49d6\",\"name\":\"cltredesign_0jp0l4\",\"image\":{\"@type\":\"ImageObject\",\"inLanguage\":\"pt-BR\",\"@id\":\"https:\\\/\\\/secure.gravatar.com\\\/avatar\\\/1012e57596c2454da589d773454d3eb22a64f2ff638e62850caeb654f3affad5?s=96&d=mm&r=g\",\"url\":\"https:\\\/\\\/secure.gravatar.com\\\/avatar\\\/1012e57596c2454da589d773454d3eb22a64f2ff638e62850caeb654f3affad5?s=96&d=mm&r=g\",\"contentUrl\":\"https:\\\/\\\/secure.gravatar.com\\\/avatar\\\/1012e57596c2454da589d773454d3eb22a64f2ff638e62850caeb654f3affad5?s=96&d=mm&r=g\",\"caption\":\"cltredesign_0jp0l4\"},\"sameAs\":[\"https:\\\/\\\/icclt.org\"],\"url\":\"https:\\\/\\\/www.cltweb.org\\\/pt-br\\\/author\\\/cltredesign_0jp0l4\\\/\"}]}<\/script>\n<!-- \/ Yoast SEO Premium plugin. -->","yoast_head_json":{"title":"Apoio ao projeto Upcycling Trust: Perspectiva de um pesquisador - International Center for Community Land Trusts","robots":{"index":"index","follow":"follow","max-snippet":"max-snippet:-1","max-image-preview":"max-image-preview:large","max-video-preview":"max-video-preview:-1"},"canonical":"https:\/\/www.cltweb.org\/pt-br\/2024\/09\/16\/apoio-ao-projeto-upcycling-trust-perspectiva-de-um-pesquisador\/","og_locale":"pt_BR","og_type":"article","og_title":"Apoio ao projeto Upcycling Trust: Perspectiva de um pesquisador","og_description":"Por Jeanne Mosseray A contribui\u00e7\u00e3o a seguir foi escrita por Jeanne Mosseray, pesquisadora PhD do Cosmopolis Centre for Urban Research, como uma contribui\u00e7\u00e3o para o pr\u00f3ximo webinar sobre &#8220;Using CLTs [&hellip;]","og_url":"https:\/\/www.cltweb.org\/pt-br\/2024\/09\/16\/apoio-ao-projeto-upcycling-trust-perspectiva-de-um-pesquisador\/","og_site_name":"International Center for Community Land Trusts","article_publisher":"https:\/\/www.facebook.com\/cltcenter","article_published_time":"2024-09-16T20:52:00+00:00","article_modified_time":"2024-11-07T22:20:24+00:00","author":"cltredesign_0jp0l4","twitter_card":"summary_large_image","twitter_creator":"@Center4CLTs","twitter_site":"@Center4CLTs","twitter_misc":{"Escrito por":"cltredesign_0jp0l4","Est. tempo de leitura":"4 minutos"},"schema":{"@context":"https:\/\/schema.org","@graph":[{"@type":"Article","@id":"https:\/\/www.cltweb.org\/pt-br\/2024\/09\/16\/apoio-ao-projeto-upcycling-trust-perspectiva-de-um-pesquisador\/#article","isPartOf":{"@id":"https:\/\/www.cltweb.org\/pt-br\/2024\/09\/16\/apoio-ao-projeto-upcycling-trust-perspectiva-de-um-pesquisador\/"},"author":{"name":"cltredesign_0jp0l4","@id":"https:\/\/www.cltweb.org\/pt-br\/#\/schema\/person\/afd3723291b60b81c27772953e5b49d6"},"headline":"Apoio ao projeto Upcycling Trust: Perspectiva de um pesquisador","datePublished":"2024-09-16T20:52:00+00:00","dateModified":"2024-11-07T22:20:24+00:00","mainEntityOfPage":{"@id":"https:\/\/www.cltweb.org\/pt-br\/2024\/09\/16\/apoio-ao-projeto-upcycling-trust-perspectiva-de-um-pesquisador\/"},"wordCount":867,"publisher":{"@id":"https:\/\/www.cltweb.org\/pt-br\/#organization"},"articleSection":["Blogs"],"inLanguage":"pt-BR"},{"@type":"WebPage","@id":"https:\/\/www.cltweb.org\/pt-br\/2024\/09\/16\/apoio-ao-projeto-upcycling-trust-perspectiva-de-um-pesquisador\/","url":"https:\/\/www.cltweb.org\/pt-br\/2024\/09\/16\/apoio-ao-projeto-upcycling-trust-perspectiva-de-um-pesquisador\/","name":"Apoio ao projeto Upcycling Trust: Perspectiva de um pesquisador - International Center for Community Land Trusts","isPartOf":{"@id":"https:\/\/www.cltweb.org\/pt-br\/#website"},"datePublished":"2024-09-16T20:52:00+00:00","dateModified":"2024-11-07T22:20:24+00:00","breadcrumb":{"@id":"https:\/\/www.cltweb.org\/pt-br\/2024\/09\/16\/apoio-ao-projeto-upcycling-trust-perspectiva-de-um-pesquisador\/#breadcrumb"},"inLanguage":"pt-BR","potentialAction":[{"@type":"ReadAction","target":["https:\/\/www.cltweb.org\/pt-br\/2024\/09\/16\/apoio-ao-projeto-upcycling-trust-perspectiva-de-um-pesquisador\/"]}]},{"@type":"BreadcrumbList","@id":"https:\/\/www.cltweb.org\/pt-br\/2024\/09\/16\/apoio-ao-projeto-upcycling-trust-perspectiva-de-um-pesquisador\/#breadcrumb","itemListElement":[{"@type":"ListItem","position":1,"name":"Home","item":"https:\/\/www.cltweb.org\/pt-br\/"},{"@type":"ListItem","position":2,"name":"Apoio ao projeto Upcycling Trust: Perspectiva de um pesquisador"}]},{"@type":"WebSite","@id":"https:\/\/www.cltweb.org\/pt-br\/#website","url":"https:\/\/www.cltweb.org\/pt-br\/","name":"International Center for Community Land Trusts","description":"","publisher":{"@id":"https:\/\/www.cltweb.org\/pt-br\/#organization"},"potentialAction":[{"@type":"SearchAction","target":{"@type":"EntryPoint","urlTemplate":"https:\/\/www.cltweb.org\/pt-br\/?s={search_term_string}"},"query-input":{"@type":"PropertyValueSpecification","valueRequired":true,"valueName":"search_term_string"}}],"inLanguage":"pt-BR"},{"@type":"Organization","@id":"https:\/\/www.cltweb.org\/pt-br\/#organization","name":"International Center for Community Land Trusts","url":"https:\/\/www.cltweb.org\/pt-br\/","logo":{"@type":"ImageObject","inLanguage":"pt-BR","@id":"https:\/\/www.cltweb.org\/pt-br\/#\/schema\/logo\/image\/","url":"https:\/\/www.cltweb.org\/wp-content\/uploads\/2024\/11\/New-CLT-Center-Text-logo.png","contentUrl":"https:\/\/www.cltweb.org\/wp-content\/uploads\/2024\/11\/New-CLT-Center-Text-logo.png","width":227,"height":80,"caption":"International Center for Community Land Trusts"},"image":{"@id":"https:\/\/www.cltweb.org\/pt-br\/#\/schema\/logo\/image\/"},"sameAs":["https:\/\/www.facebook.com\/cltcenter","https:\/\/x.com\/Center4CLTs","https:\/\/www.instagram.com\/cltcenter\/","https:\/\/www.linkedin.com\/company\/cltcenter","https:\/\/www.youtube.com\/@centerforcltinnovation5313"],"description":"The International Center for Community Land Trusts is a not-for-profit nongovernmental organization established in 2018 to promote and to support community land trusts and similar strategies of community-led development on community-owned land in countries throughout the world.","email":"info@communitylandtrust.net","legalName":"International Center for Community Land Trusts","foundingDate":"2018-12-01","taxID":"84-3858933","numberOfEmployees":{"@type":"QuantitativeValue","minValue":"1","maxValue":"10"}},{"@type":"Person","@id":"https:\/\/www.cltweb.org\/pt-br\/#\/schema\/person\/afd3723291b60b81c27772953e5b49d6","name":"cltredesign_0jp0l4","image":{"@type":"ImageObject","inLanguage":"pt-BR","@id":"https:\/\/secure.gravatar.com\/avatar\/1012e57596c2454da589d773454d3eb22a64f2ff638e62850caeb654f3affad5?s=96&d=mm&r=g","url":"https:\/\/secure.gravatar.com\/avatar\/1012e57596c2454da589d773454d3eb22a64f2ff638e62850caeb654f3affad5?s=96&d=mm&r=g","contentUrl":"https:\/\/secure.gravatar.com\/avatar\/1012e57596c2454da589d773454d3eb22a64f2ff638e62850caeb654f3affad5?s=96&d=mm&r=g","caption":"cltredesign_0jp0l4"},"sameAs":["https:\/\/icclt.org"],"url":"https:\/\/www.cltweb.org\/pt-br\/author\/cltredesign_0jp0l4\/"}]}},"taxonomy_info":{"category":[{"value":291,"label":"Blogs"}]},"featured_image_src_large":false,"author_info":{"display_name":"cltredesign_0jp0l4","author_link":"https:\/\/www.cltweb.org\/pt-br\/author\/cltredesign_0jp0l4\/"},"comment_info":0,"category_info":[{"term_id":291,"name":"Blogs","slug":"blogs-pt-br","term_group":0,"term_taxonomy_id":291,"taxonomy":"category","description":"","parent":0,"count":13,"filter":"raw","cat_ID":291,"category_count":13,"category_description":"","cat_name":"Blogs","category_nicename":"blogs-pt-br","category_parent":0}],"tag_info":false,"jetpack_featured_media_url":"","jetpack_sharing_enabled":true,"jetpack-related-posts":[{"id":6573,"url":"https:\/\/www.cltweb.org\/pt-br\/2024\/08\/22\/usando-clts-para-fornecer-renovacao-de-energia-e-acessibilidade-permanente-a-moradias-existentes\/","url_meta":{"origin":7210,"position":0},"title":"Usando CLTs para fornecer renova\u00e7\u00e3o de energia e acessibilidade permanente a moradias existentes","author":"Ben Harris","date":"22 de agosto de 2024","format":false,"excerpt":"Junte-se a n\u00f3s no dia 25 de setembro de 2024 para um webinar sobre como os CLTs podem ser usados para oferecer renova\u00e7\u00e3o de energia e acessibilidade permanente \u00e0s moradias existentes. Voc\u00ea ouvir\u00e1 os principais profissionais de CLT que lideram abordagens inovadoras para a renova\u00e7\u00e3o de energia em moradias existentes,\u2026","rel":"","context":"Em &quot;N\u00e3o categorizado&quot;","block_context":{"text":"N\u00e3o categorizado","link":"https:\/\/www.cltweb.org\/pt-br\/category\/nao-categorizado\/"},"img":{"alt_text":"Jeanne Mosseray","src":"https:\/\/i0.wp.com\/www.cltweb.org\/wp-content\/uploads\/2024\/08\/jeanne_mosseray-254x300.jpg?resize=350%2C200&ssl=1","width":350,"height":200},"classes":[]},{"id":6566,"url":"https:\/\/www.cltweb.org\/pt-br\/2024\/10\/21\/painel-de-discussao-sobre-o-uso-de-clts-para-fornecer-renovacao-de-energia-e-acessibilidade-permanente-as-moradias-existentes\/","url_meta":{"origin":7210,"position":1},"title":"Painel de discuss\u00e3o sobre o uso de CLTs para fornecer renova\u00e7\u00e3o de energia e acessibilidade permanente \u00e0s moradias existentes","author":"Ben Harris","date":"21 de outubro de 2024","format":false,"excerpt":"GRAVA\u00c7\u00c3O DO WEBINAR TRANSCRI\u00c7\u00c3O EM INGL\u00caS E FRANC\u00caS DESCRI\u00c7\u00c3O DO WEBINAR Na sequ\u00eancia do webinar de setembro, reunimos os apresentadores dos webinars anteriores para um painel de discuss\u00e3o de uma hora de dura\u00e7\u00e3o, no qual continuamos a desenvolver os estudos de caso do m\u00eas anterior, trabalhando com propriet\u00e1rios n\u00e3o CLT\u2026","rel":"","context":"Em &quot;N\u00e3o categorizado&quot;","block_context":{"text":"N\u00e3o categorizado","link":"https:\/\/www.cltweb.org\/pt-br\/category\/nao-categorizado\/"},"img":{"alt_text":"Jeanne Mosseray","src":"https:\/\/i0.wp.com\/www.cltweb.org\/wp-content\/uploads\/2024\/08\/jeanne_mosseray-254x300.jpg?resize=350%2C200&ssl=1","width":350,"height":200},"classes":[]},{"id":7238,"url":"https:\/\/www.cltweb.org\/pt-br\/2024\/09\/10\/os-clts-podem-desempenhar-um-papel-na-politica-climatica\/","url_meta":{"origin":7210,"position":2},"title":"Os CLTs podem desempenhar um papel na pol\u00edtica clim\u00e1tica?","author":"cltredesign_0jp0l4","date":"10 de setembro de 2024","format":false,"excerpt":"A contribui\u00e7\u00e3o a seguir foi escrita por Geert De Pauw, Co-Coordenador do Community Land Trust Brussels, como uma contribui\u00e7\u00e3o para o pr\u00f3ximo webinar sobre \"Using CLTs to Deliver Energy Renovation and Permanent Affordability to Existing Housing\" (Usando CLTs para fornecer renova\u00e7\u00e3o de energia e acessibilidade permanente a moradias existentes), em\u2026","rel":"","context":"Em &quot;Blogs&quot;","block_context":{"text":"Blogs","link":"https:\/\/www.cltweb.org\/pt-br\/category\/blogs-pt-br\/"},"img":{"alt_text":"","src":"","width":0,"height":0},"classes":[]},{"id":6571,"url":"https:\/\/www.cltweb.org\/es\/2024\/08\/22\/utilizacion-de-las-clt-para-la-renovacion-energetica-y-la-asequibilidad-permanente-de-las-viviendas-existentes\/","url_meta":{"origin":7210,"position":3},"title":"Utilizaci\u00f3n de las CLT para la renovaci\u00f3n energ\u00e9tica y la asequibilidad permanente de las viviendas existentes","author":"Ben Harris","date":"22 de agosto de 2024","format":false,"excerpt":"Acomp\u00e1\u00f1anos el 25 de septiembre de 2024 en un seminario web sobre c\u00f3mo pueden utilizarse las CLT para renovar energ\u00e9ticamente las viviendas existentes y hacerlas asequibles de forma permanente. Escuchar\u00e1s a destacados profesionales de las CLT que lideran enfoques innovadores para la renovaci\u00f3n energ\u00e9tica de viviendas existentes, con un debate\u2026","rel":"","context":"Em &quot;Sin categorizar&quot;","block_context":{"text":"Sin categorizar","link":"https:\/\/www.cltweb.org\/es\/category\/sin-categorizar\/"},"img":{"alt_text":"Jeanne Mosseray","src":"https:\/\/i0.wp.com\/www.cltweb.org\/wp-content\/uploads\/2024\/08\/jeanne_mosseray-254x300.jpg?resize=350%2C200&ssl=1","width":350,"height":200},"classes":[]},{"id":7208,"url":"https:\/\/www.cltweb.org\/es\/2024\/09\/16\/apoyo-al-proyecto-upcycling-trust-la-perspectiva-de-un-investigador\/","url_meta":{"origin":7210,"position":4},"title":"Apoyo al Proyecto Upcycling Trust: La perspectiva de un investigador","author":"cltredesign_0jp0l4","date":"16 de setembro de 2024","format":false,"excerpt":"Por Jeanne Mosseray La siguiente contribuci\u00f3n ha sido escrita por Jeanne Mosseray, investigadora doctoral del Centro Cosm\u00f3polis de Investigaci\u00f3n Urbana, como contribuci\u00f3n al pr\u00f3ximo seminario web sobre \"El uso de las CLT para la renovaci\u00f3n energ\u00e9tica y la asequibilidad permanente de las viviendas existentes\", que se celebrar\u00e1 el 25 de\u2026","rel":"","context":"Em &quot;Blogs&quot;","block_context":{"text":"Blogs","link":"https:\/\/www.cltweb.org\/es\/category\/blogs\/"},"img":{"alt_text":"","src":"","width":0,"height":0},"classes":[]},{"id":7951,"url":"https:\/\/www.cltweb.org\/pt-br\/2024\/12\/17\/recapitulacao-do-webinar-poder-e-lideranca-dos-jovens-na-pratica-do-clt\/","url_meta":{"origin":7210,"position":5},"title":"Recapitula\u00e7\u00e3o do webinar: Poder e lideran\u00e7a dos jovens na pr\u00e1tica do CLT","author":"Ben Harris","date":"17 de dezembro de 2024","format":false,"excerpt":"Por Richard Kruger Delgado Todos os recursos relacionados a este webinar podem ser encontrados aqui e abaixo. A seguir, voc\u00ea encontrar\u00e1 uma recapitula\u00e7\u00e3o do webinar \"Stewarding the Future: Poder e lideran\u00e7a dos jovens na pr\u00e1tica do CLT\", realizado em 4 de dezembro de 2024. O painel foi moderado por Richard\u2026","rel":"","context":"Em &quot;Blogs&quot;","block_context":{"text":"Blogs","link":"https:\/\/www.cltweb.org\/pt-br\/category\/blogs-pt-br\/"},"img":{"alt_text":"","src":"https:\/\/i0.wp.com\/img.youtube.com\/vi\/UF1qD6WZTwg\/0.jpg?resize=350%2C200","width":350,"height":200},"classes":[]}],"_links":{"self":[{"href":"https:\/\/www.cltweb.org\/pt-br\/wp-json\/wp\/v2\/posts\/7210","targetHints":{"allow":["GET"]}}],"collection":[{"href":"https:\/\/www.cltweb.org\/pt-br\/wp-json\/wp\/v2\/posts"}],"about":[{"href":"https:\/\/www.cltweb.org\/pt-br\/wp-json\/wp\/v2\/types\/post"}],"author":[{"embeddable":true,"href":"https:\/\/www.cltweb.org\/pt-br\/wp-json\/wp\/v2\/users\/1"}],"replies":[{"embeddable":true,"href":"https:\/\/www.cltweb.org\/pt-br\/wp-json\/wp\/v2\/comments?post=7210"}],"version-history":[{"count":3,"href":"https:\/\/www.cltweb.org\/pt-br\/wp-json\/wp\/v2\/posts\/7210\/revisions"}],"predecessor-version":[{"id":7609,"href":"https:\/\/www.cltweb.org\/pt-br\/wp-json\/wp\/v2\/posts\/7210\/revisions\/7609"}],"wp:attachment":[{"href":"https:\/\/www.cltweb.org\/pt-br\/wp-json\/wp\/v2\/media?parent=7210"}],"wp:term":[{"taxonomy":"category","embeddable":true,"href":"https:\/\/www.cltweb.org\/pt-br\/wp-json\/wp\/v2\/categories?post=7210"},{"taxonomy":"post_tag","embeddable":true,"href":"https:\/\/www.cltweb.org\/pt-br\/wp-json\/wp\/v2\/tags?post=7210"}],"curies":[{"name":"wp","href":"https:\/\/api.w.org\/{rel}","templated":true}]}}