{"id":7238,"date":"2024-09-10T21:01:00","date_gmt":"2024-09-10T21:01:00","guid":{"rendered":"https:\/\/www.cltweb.org\/2024\/09\/10\/os-clts-podem-desempenhar-um-papel-na-politica-climatica\/"},"modified":"2024-11-02T21:09:19","modified_gmt":"2024-11-02T21:09:19","slug":"os-clts-podem-desempenhar-um-papel-na-politica-climatica","status":"publish","type":"post","link":"https:\/\/www.cltweb.org\/pt-br\/2024\/09\/10\/os-clts-podem-desempenhar-um-papel-na-politica-climatica\/","title":{"rendered":"Os CLTs podem desempenhar um papel na pol\u00edtica clim\u00e1tica?"},"content":{"rendered":"\n<p><em><strong>A contribui\u00e7\u00e3o a seguir foi escrita por Geert De Pauw, Co-Coordenador do Community Land Trust Brussels, como uma contribui\u00e7\u00e3o para o pr\u00f3ximo webinar sobre &#8220;Using CLTs to Deliver Energy Renovation and Permanent Affordability to Existing Housing&#8221; (Usando CLTs para fornecer renova\u00e7\u00e3o de energia e acessibilidade permanente a moradias existentes), em 25 de setembro.  <\/strong><\/em><\/p>\n\n<p><a href=\"http:\/\/www.cltb.be\/\">O Community Land Trust Brussels<\/a> (CLTB) \u00e9 uma organiza\u00e7\u00e3o sem fins lucrativos que desenvolve moradias econ\u00f4micas para fam\u00edlias de baixa renda em Bruxelas com o apoio do governo regional. Como em muitos outros CLTs na Europa, o foco principal est\u00e1 em novos projetos de constru\u00e7\u00e3o. At\u00e9 o momento, a CLTB construiu pouco mais de cem casas distribu\u00eddas em seis projetos habitacionais. O mesmo n\u00famero de casas est\u00e1 em constru\u00e7\u00e3o. Com isso, o CLTB quer oferecer uma resposta \u00e0 necessidade de moradias mais econ\u00f4micas na regi\u00e3o.    <\/p>\n\n<p>A constru\u00e7\u00e3o nova (ou a reforma pesada de pr\u00e9dios maiores) provou ser uma boa estrat\u00e9gia para trazer moradias econ\u00f4micas ao mercado de maneira relativamente eficiente. Essa abordagem tamb\u00e9m d\u00e1 ao CLTB a oportunidade de envolver os futuros residentes coletivamente no desenvolvimento das moradias, o que \u00e9 a base para a constru\u00e7\u00e3o da comunidade da nossa organiza\u00e7\u00e3o. <\/p>\n\n<p>No entanto, voc\u00ea pode questionar a conveni\u00eancia a longo prazo de continuar a se concentrar apenas em novas constru\u00e7\u00f5es. Essa op\u00e7\u00e3o pode entrar em conflito com as metas de sustentabilidade de nossa pr\u00f3pria organiza\u00e7\u00e3o. O corte de terrenos n\u00e3o constru\u00eddos em uma regi\u00e3o j\u00e1 densamente constru\u00edda pode levantar d\u00favidas em algumas ocasi\u00f5es. Devido \u00e0 mudan\u00e7a clim\u00e1tica, a cidade precisa cada vez mais manter terras n\u00e3o urbanizadas para desempenhar um papel no gerenciamento de \u00e1gua, resfriamento, biodiversidade ou recrea\u00e7\u00e3o. Al\u00e9m disso, os materiais de constru\u00e7\u00e3o necess\u00e1rios para a constru\u00e7\u00e3o de novas moradias s\u00e3o respons\u00e1veis pela emiss\u00e3o de uma grande quantidade de CO2.      <\/p>\n\n<h4 class=\"wp-block-heading\" id=\"h-brussels-housing-crisis-government-response-and-the-clt-approach\"><strong>A crise habitacional de Bruxelas, a resposta do governo e a abordagem CLT<\/strong><\/h4>\n\n<p>Al\u00e9m de nossas pr\u00f3prias metas de sustentabilidade, ao longo do tempo tamb\u00e9m devemos levar em conta as novas estrat\u00e9gias e pol\u00edticas governamentais que dificultar\u00e3o cada vez mais as novas constru\u00e7\u00f5es em terrenos virgens, em uma regi\u00e3o j\u00e1 densamente povoada como Bruxelas.  <\/p>\n\n<p>Ao mesmo tempo, a crise habitacional continua a se intensificar. Cada vez mais fam\u00edlias est\u00e3o sendo for\u00e7adas a deixar Bruxelas porque n\u00e3o conseguem encontrar moradias acess\u00edveis no local. As que ficam, muitas vezes, t\u00eam de se contentar com moradias pequenas demais, insalubres e caras demais. De fato, os governos belga e de Bruxelas investiram muito pouco em moradias sociais, deixando os residentes quase que totalmente dependentes do mercado privado, onde os pre\u00e7os continuaram a subir de forma constante nos \u00faltimos 20 anos.   <\/p>\n\n<p>Embora n\u00e3o tenha havido investimento em moradias sociais, o governo incentivou a aquisi\u00e7\u00e3o de casa pr\u00f3pria. Por meio de uma variedade de instrumentos, ele ajudou fam\u00edlias modestas a comprar uma casa. Isso ajudou muitas fam\u00edlias pobres a ter acesso \u00e0 moradia, at\u00e9 que o aumento dos pre\u00e7os tornou isso imposs\u00edvel.    <\/p>\n\n<p>Hoje, os propriet\u00e1rios pobres existentes tamb\u00e9m correm o risco de ter problemas. Bruxelas tem um estoque de moradias antigas e ineficientes em termos de energia. Para atingir suas metas clim\u00e1ticas, a Regi\u00e3o de Bruxelas desenvolveu uma estrat\u00e9gia ambiciosa <a href=\"https:\/\/renolution.brussels\/\" target=\"_blank\" rel=\"noreferrer noopener\">chamada &#8220;Renolution<\/a>&#8220;. Uma parte importante dessa estrat\u00e9gia \u00e9 tornar as resid\u00eancias particulares eficientes em termos de energia. Para incentivar os propriet\u00e1rios a investirem na reforma de suas casas, o governo de Bruxelas planeja, entre outras coisas, multas importantes para aqueles que n\u00e3o cumprirem as obriga\u00e7\u00f5es. Isso pode ter consequ\u00eancias desastrosas. O perigo \u00e9 que isso levar\u00e1 a uma situa\u00e7\u00e3o em que somente residentes ou investidores ricos poder\u00e3o ter casas em bairros que permaneceram relativamente acess\u00edveis, e que a Regi\u00e3o de Bruxelas ser\u00e1 confrontada com a &#8220;gentrifica\u00e7\u00e3o verde&#8221;.        <\/p>\n\n<p>Por todos esses motivos, o CLTB decidiu diversificar sua abordagem e agora tamb\u00e9m se dedica \u00e0 renova\u00e7\u00e3o de moradias particulares. Acreditamos que os CLTs t\u00eam o potencial de fornecer uma resposta, em Bruxelas e em outras cidades europeias, ao duplo desafio da necessidade de moradias permanentemente acess\u00edveis e da necessidade de renovar o estoque de moradias existentes de forma sustent\u00e1vel e torn\u00e1-las eficientes em termos de energia. <\/p>\n\n<h4 class=\"wp-block-heading\" id=\"h-pilot-projects-and-the-upcycling-trust-partnership\"><strong>Projetos-piloto e a parceria Upcycling Trust<\/strong><\/h4>\n\n<p>Atualmente, os instrumentos p\u00fablicos existentes que visam incentivar os propriet\u00e1rios a reformar suas casas e torn\u00e1-las eficientes em termos de energia n\u00e3o alcan\u00e7am os propriet\u00e1rios mais pobres. Esses propriet\u00e1rios, &#8220;ricos em ativos, pobres em dinheiro&#8221;, n\u00e3o t\u00eam os meios para financiar as obras antes dos subs\u00eddios e t\u00eam dificuldades com a administra\u00e7\u00e3o para solicitar os subs\u00eddios. A CLTB agora quer investigar se \u00e9 poss\u00edvel elaborar um novo instrumento de pol\u00edtica pelo qual esses propriet\u00e1rios sejam ajudados, por meio de orienta\u00e7\u00e3o intensiva e de uma interven\u00e7\u00e3o financeira muito importante. Dessa forma, eles podem aumentar a qualidade de suas casas, atender \u00e0s novas exig\u00eancias, evitar multas e recuperar a seguran\u00e7a da moradia. Em troca, sua casa se torna uma casa CLT, tornando-a acess\u00edvel para sempre. De fato, em nosso modelo, o propriet\u00e1rio aceita os termos t\u00edpicos do CLT em rela\u00e7\u00e3o ao uso e aos ganhos de capital quando a casa \u00e9 vendida.     <\/p>\n\n<p>Acreditamos que esse instrumento seria um complemento importante para os instrumentos governamentais existentes de empr\u00e9stimos e subs\u00eddios. Ele tem a grande vantagem de ajudar os mais vulner\u00e1veis e oferecer uma solu\u00e7\u00e3o para a parte do estoque de im\u00f3veis em que os problemas s\u00e3o maiores. Al\u00e9m disso, essa abordagem aumenta a oferta de moradias permanentemente acess\u00edveis, em uma cidade onde a grande maioria do estoque de moradias est\u00e1 \u00e0 merc\u00ea do mercado livre e n\u00e3o regulamentado. Al\u00e9m disso, fazemos isso sem cortar terras n\u00e3o urbanizadas.     <\/p>\n\n<p>Para conseguir isso, \u00e9 importante convencer o governo. Para isso, iniciamos um projeto piloto em Bruxelas. Depois de um ano trabalhando em procedimentos e modelos jur\u00eddicos, os dois primeiros propriet\u00e1rios est\u00e3o prestes a assinar o contrato para entrar no programa.    <\/p>\n\n<p>Ao perceber que n\u00e3o \u00e9ramos os \u00fanicos a pensar dessa forma, tomamos a iniciativa de reunir outros CLTs europeus com ideias semelhantes. Juntamente com nossos colegas da cidade de Lille, na Fran\u00e7a, estamos agora coordenando o projeto &#8220;<a href=\"https:\/\/upcyclingtrust.nweurope.eu\/\" target=\"_blank\" rel=\"noreferrer noopener\">Upcycling Trust<\/a>&#8220;, financiado pela UE. Juntamente com os CLTs de Cork (Irlanda), Ghent (B\u00e9lgica), Lille (Fran\u00e7a) e Rennes (Fran\u00e7a), queremos testar essa nova estrat\u00e9gia de upcycling e usar uma abordagem circular para a renova\u00e7\u00e3o. Nossos CLTs estabelecer\u00e3o <a href=\"https:\/\/upcyclingtrust.nweurope.eu\/pilot-projects\" target=\"_blank\" rel=\"noreferrer noopener\">pilotos<\/a> nos quais ser\u00e3o desenvolvidas estrat\u00e9gias legais, organizacionais, t\u00e9cnicas e financeiras, e as primeiras casas ser\u00e3o reformadas. Isso beneficiar\u00e1 cerca de 150 fam\u00edlias de baixa renda que poder\u00e3o morar nessas casas e, ao mesmo tempo, reduzir\u00e1 o impacto ambiental. Com base nas experi\u00eancias dos pilotos, e envolvendo autoridades locais e regionais, bem como parceiros acad\u00eamicos, usaremos nossas descobertas para desenvolver novas pol\u00edticas urbanas. No contexto em que muitas cidades est\u00e3o buscando estrat\u00e9gias para lidar com a crise habitacional, fortalecer o tecido urbano e atingir as metas clim\u00e1ticas, o modelo de upcycling trust oferece uma abordagem inovadora e estrutural que pode acelerar uma transi\u00e7\u00e3o urbana justa. Considerando as ambi\u00e7\u00f5es clim\u00e1ticas da Europa, acreditamos que esse projeto financiado pela UE \u00e9 uma oportunidade perfeita para testar a abordagem e preparar sua implementa\u00e7\u00e3o.       <\/p>\n\n<p>O CLTB tamb\u00e9m quer experimentar outros m\u00e9todos novos. Por exemplo, em setembro, iniciaremos a &#8220;renova\u00e7\u00e3o autom\u00e1tica guiada&#8221; de tr\u00eas casas. Isso dar\u00e1 aos futuros propriet\u00e1rios a oportunidade de fazer parte da reforma de sua futura casa por conta pr\u00f3pria, reduzindo assim o custo.    <\/p>\n\n<h4 class=\"wp-block-heading\" id=\"h-scaling-challenges-and-the-future-of-clts\"><strong>Desafios de dimensionamento e o futuro dos CLTs<\/strong><\/h4>\n\n<p>Por mais promissores que todos esses novos m\u00e9todos possam ser, hoje eles ainda est\u00e3o em sua inf\u00e2ncia. Para ampli\u00e1-los, voc\u00ea precisar\u00e1 de muito dinheiro e tempo. Eles certamente n\u00e3o s\u00e3o a resposta final para o desafio descrito acima de encontrar solu\u00e7\u00f5es para a crise habitacional de uma forma que prejudique o m\u00ednimo poss\u00edvel o meio ambiente. Portanto, ao mesmo tempo, continuamos comprometidos com novas constru\u00e7\u00f5es. Preferir\u00edamos fazer isso de uma forma mais circular, embora para isso ainda precisemos buscar solu\u00e7\u00f5es inovadoras de financiamento que nos permitam cobrir o custo adicional dessa forma de trabalho.    <\/p>\n\n<p>Apesar dessas limita\u00e7\u00f5es, acreditamos muito no potencial da <a href=\"https:\/\/upcyclingtrust.nweurope.eu\/about\" target=\"_blank\" rel=\"noreferrer noopener\">abordagem do Upcycling Trust<\/a>. Ao dar aos fundos de terras comunit\u00e1rios um papel na pol\u00edtica clim\u00e1tica e converter a propriedade privada em propriedade comunit\u00e1ria n\u00e3o especulativa, parte do mercado imobili\u00e1rio pode ser estruturalmente reformada. Se isso for feito em larga escala, poder\u00e1 desempenhar um papel central para tornar nossas cidades mais habit\u00e1veis e, ao mesmo tempo, acess\u00edveis.    <br\/><br\/><br\/><br\/><a href=\"https:\/\/us06web.zoom.us\/webinar\/register\/WN_JQCk8DvPSpKxNKHyZmbwYw#\/registration\" target=\"_blank\" rel=\"noreferrer noopener\"><\/a><br\/><br\/><\/p>\n","protected":false},"excerpt":{"rendered":"<p>A contribui\u00e7\u00e3o a seguir foi escrita por Geert De Pauw, Co-Coordenador do Community Land Trust Brussels, como uma contribui\u00e7\u00e3o para o pr\u00f3ximo webinar sobre &#8220;Using CLTs to Deliver Energy Renovation [&hellip;]<\/p>\n","protected":false},"author":1,"featured_media":0,"comment_status":"closed","ping_status":"open","sticky":false,"template":"","format":"standard","meta":{"give_campaign_id":0,"_tec_requires_first_save":true,"_kad_blocks_custom_css":"","_kad_blocks_head_custom_js":"","_kad_blocks_body_custom_js":"","_kad_blocks_footer_custom_js":"","_EventAllDay":false,"_EventTimezone":"","_EventStartDate":"","_EventEndDate":"","_EventStartDateUTC":"","_EventEndDateUTC":"","_EventShowMap":false,"_EventShowMapLink":false,"_EventURL":"","_EventCost":"","_EventCostDescription":"","_EventCurrencySymbol":"","_EventCurrencyCode":"","_EventCurrencyPosition":"","_EventDateTimeSeparator":"","_EventTimeRangeSeparator":"","_EventOrganizerID":[],"_EventVenueID":[],"_OrganizerEmail":"","_OrganizerPhone":"","_OrganizerWebsite":"","_VenueAddress":"","_VenueCity":"","_VenueCountry":"","_VenueProvince":"","_VenueState":"","_VenueZip":"","_VenuePhone":"","_VenueURL":"","_VenueStateProvince":"","_VenueLat":"","_VenueLng":"","_VenueShowMap":false,"_VenueShowMapLink":false,"_tribe_blocks_recurrence_rules":"","_tribe_blocks_recurrence_description":"","_tribe_blocks_recurrence_exclusions":"","_jetpack_memberships_contains_paid_content":false,"footnotes":""},"categories":[291],"tags":[],"class_list":["post-7238","post","type-post","status-publish","format-standard","hentry","category-blogs-pt-br"],"blocksy_meta":[],"yoast_head":"<!-- This site is optimized with the Yoast SEO Premium plugin v27.5 (Yoast SEO v27.5) - https:\/\/yoast.com\/product\/yoast-seo-premium-wordpress\/ -->\n<title>Os CLTs podem desempenhar um papel na pol\u00edtica clim\u00e1tica? - International Center for Community Land Trusts<\/title>\n<meta name=\"robots\" content=\"index, follow, max-snippet:-1, max-image-preview:large, max-video-preview:-1\" \/>\n<link rel=\"canonical\" href=\"https:\/\/www.cltweb.org\/pt-br\/2024\/09\/10\/os-clts-podem-desempenhar-um-papel-na-politica-climatica\/\" \/>\n<meta property=\"og:locale\" content=\"pt_BR\" \/>\n<meta property=\"og:type\" content=\"article\" \/>\n<meta property=\"og:title\" content=\"Os CLTs podem desempenhar um papel na pol\u00edtica clim\u00e1tica?\" \/>\n<meta property=\"og:description\" content=\"A contribui\u00e7\u00e3o a seguir foi escrita por Geert De Pauw, Co-Coordenador do Community Land Trust Brussels, como uma contribui\u00e7\u00e3o para o pr\u00f3ximo webinar sobre &#8220;Using CLTs to Deliver Energy Renovation [&hellip;]\" \/>\n<meta property=\"og:url\" content=\"https:\/\/www.cltweb.org\/pt-br\/2024\/09\/10\/os-clts-podem-desempenhar-um-papel-na-politica-climatica\/\" \/>\n<meta property=\"og:site_name\" content=\"International Center for Community Land Trusts\" \/>\n<meta property=\"article:publisher\" content=\"https:\/\/www.facebook.com\/cltcenter\" \/>\n<meta property=\"article:published_time\" content=\"2024-09-10T21:01:00+00:00\" \/>\n<meta property=\"article:modified_time\" content=\"2024-11-02T21:09:19+00:00\" \/>\n<meta name=\"author\" content=\"cltredesign_0jp0l4\" \/>\n<meta name=\"twitter:card\" content=\"summary_large_image\" \/>\n<meta name=\"twitter:creator\" content=\"@Center4CLTs\" \/>\n<meta name=\"twitter:site\" content=\"@Center4CLTs\" \/>\n<meta name=\"twitter:label1\" content=\"Escrito por\" \/>\n\t<meta name=\"twitter:data1\" content=\"cltredesign_0jp0l4\" \/>\n\t<meta name=\"twitter:label2\" content=\"Est. tempo de leitura\" \/>\n\t<meta name=\"twitter:data2\" content=\"8 minutos\" \/>\n<script type=\"application\/ld+json\" class=\"yoast-schema-graph\">{\"@context\":\"https:\\\/\\\/schema.org\",\"@graph\":[{\"@type\":\"Article\",\"@id\":\"https:\\\/\\\/www.cltweb.org\\\/pt-br\\\/2024\\\/09\\\/10\\\/os-clts-podem-desempenhar-um-papel-na-politica-climatica\\\/#article\",\"isPartOf\":{\"@id\":\"https:\\\/\\\/www.cltweb.org\\\/pt-br\\\/2024\\\/09\\\/10\\\/os-clts-podem-desempenhar-um-papel-na-politica-climatica\\\/\"},\"author\":{\"name\":\"cltredesign_0jp0l4\",\"@id\":\"https:\\\/\\\/www.cltweb.org\\\/pt-br\\\/#\\\/schema\\\/person\\\/afd3723291b60b81c27772953e5b49d6\"},\"headline\":\"Os CLTs podem desempenhar um papel na pol\u00edtica clim\u00e1tica?\",\"datePublished\":\"2024-09-10T21:01:00+00:00\",\"dateModified\":\"2024-11-02T21:09:19+00:00\",\"mainEntityOfPage\":{\"@id\":\"https:\\\/\\\/www.cltweb.org\\\/pt-br\\\/2024\\\/09\\\/10\\\/os-clts-podem-desempenhar-um-papel-na-politica-climatica\\\/\"},\"wordCount\":1538,\"publisher\":{\"@id\":\"https:\\\/\\\/www.cltweb.org\\\/pt-br\\\/#organization\"},\"articleSection\":[\"Blogs\"],\"inLanguage\":\"pt-BR\"},{\"@type\":\"WebPage\",\"@id\":\"https:\\\/\\\/www.cltweb.org\\\/pt-br\\\/2024\\\/09\\\/10\\\/os-clts-podem-desempenhar-um-papel-na-politica-climatica\\\/\",\"url\":\"https:\\\/\\\/www.cltweb.org\\\/pt-br\\\/2024\\\/09\\\/10\\\/os-clts-podem-desempenhar-um-papel-na-politica-climatica\\\/\",\"name\":\"Os CLTs podem desempenhar um papel na pol\u00edtica clim\u00e1tica? - International Center for Community Land Trusts\",\"isPartOf\":{\"@id\":\"https:\\\/\\\/www.cltweb.org\\\/pt-br\\\/#website\"},\"datePublished\":\"2024-09-10T21:01:00+00:00\",\"dateModified\":\"2024-11-02T21:09:19+00:00\",\"breadcrumb\":{\"@id\":\"https:\\\/\\\/www.cltweb.org\\\/pt-br\\\/2024\\\/09\\\/10\\\/os-clts-podem-desempenhar-um-papel-na-politica-climatica\\\/#breadcrumb\"},\"inLanguage\":\"pt-BR\",\"potentialAction\":[{\"@type\":\"ReadAction\",\"target\":[\"https:\\\/\\\/www.cltweb.org\\\/pt-br\\\/2024\\\/09\\\/10\\\/os-clts-podem-desempenhar-um-papel-na-politica-climatica\\\/\"]}]},{\"@type\":\"BreadcrumbList\",\"@id\":\"https:\\\/\\\/www.cltweb.org\\\/pt-br\\\/2024\\\/09\\\/10\\\/os-clts-podem-desempenhar-um-papel-na-politica-climatica\\\/#breadcrumb\",\"itemListElement\":[{\"@type\":\"ListItem\",\"position\":1,\"name\":\"Home\",\"item\":\"https:\\\/\\\/www.cltweb.org\\\/pt-br\\\/\"},{\"@type\":\"ListItem\",\"position\":2,\"name\":\"Os CLTs podem desempenhar um papel na pol\u00edtica clim\u00e1tica?\"}]},{\"@type\":\"WebSite\",\"@id\":\"https:\\\/\\\/www.cltweb.org\\\/pt-br\\\/#website\",\"url\":\"https:\\\/\\\/www.cltweb.org\\\/pt-br\\\/\",\"name\":\"International Center for Community Land Trusts\",\"description\":\"\",\"publisher\":{\"@id\":\"https:\\\/\\\/www.cltweb.org\\\/pt-br\\\/#organization\"},\"potentialAction\":[{\"@type\":\"SearchAction\",\"target\":{\"@type\":\"EntryPoint\",\"urlTemplate\":\"https:\\\/\\\/www.cltweb.org\\\/pt-br\\\/?s={search_term_string}\"},\"query-input\":{\"@type\":\"PropertyValueSpecification\",\"valueRequired\":true,\"valueName\":\"search_term_string\"}}],\"inLanguage\":\"pt-BR\"},{\"@type\":\"Organization\",\"@id\":\"https:\\\/\\\/www.cltweb.org\\\/pt-br\\\/#organization\",\"name\":\"International Center for Community Land Trusts\",\"url\":\"https:\\\/\\\/www.cltweb.org\\\/pt-br\\\/\",\"logo\":{\"@type\":\"ImageObject\",\"inLanguage\":\"pt-BR\",\"@id\":\"https:\\\/\\\/www.cltweb.org\\\/pt-br\\\/#\\\/schema\\\/logo\\\/image\\\/\",\"url\":\"https:\\\/\\\/www.cltweb.org\\\/wp-content\\\/uploads\\\/2024\\\/11\\\/New-CLT-Center-Text-logo.png\",\"contentUrl\":\"https:\\\/\\\/www.cltweb.org\\\/wp-content\\\/uploads\\\/2024\\\/11\\\/New-CLT-Center-Text-logo.png\",\"width\":227,\"height\":80,\"caption\":\"International Center for Community Land Trusts\"},\"image\":{\"@id\":\"https:\\\/\\\/www.cltweb.org\\\/pt-br\\\/#\\\/schema\\\/logo\\\/image\\\/\"},\"sameAs\":[\"https:\\\/\\\/www.facebook.com\\\/cltcenter\",\"https:\\\/\\\/x.com\\\/Center4CLTs\",\"https:\\\/\\\/www.instagram.com\\\/cltcenter\\\/\",\"https:\\\/\\\/www.linkedin.com\\\/company\\\/cltcenter\",\"https:\\\/\\\/www.youtube.com\\\/@centerforcltinnovation5313\"],\"description\":\"The International Center for Community Land Trusts is a not-for-profit nongovernmental organization established in 2018 to promote and to support community land trusts and similar strategies of community-led development on community-owned land in countries throughout the world.\",\"email\":\"info@communitylandtrust.net\",\"legalName\":\"International Center for Community Land Trusts\",\"foundingDate\":\"2018-12-01\",\"taxID\":\"84-3858933\",\"numberOfEmployees\":{\"@type\":\"QuantitativeValue\",\"minValue\":\"1\",\"maxValue\":\"10\"}},{\"@type\":\"Person\",\"@id\":\"https:\\\/\\\/www.cltweb.org\\\/pt-br\\\/#\\\/schema\\\/person\\\/afd3723291b60b81c27772953e5b49d6\",\"name\":\"cltredesign_0jp0l4\",\"image\":{\"@type\":\"ImageObject\",\"inLanguage\":\"pt-BR\",\"@id\":\"https:\\\/\\\/secure.gravatar.com\\\/avatar\\\/1012e57596c2454da589d773454d3eb22a64f2ff638e62850caeb654f3affad5?s=96&d=mm&r=g\",\"url\":\"https:\\\/\\\/secure.gravatar.com\\\/avatar\\\/1012e57596c2454da589d773454d3eb22a64f2ff638e62850caeb654f3affad5?s=96&d=mm&r=g\",\"contentUrl\":\"https:\\\/\\\/secure.gravatar.com\\\/avatar\\\/1012e57596c2454da589d773454d3eb22a64f2ff638e62850caeb654f3affad5?s=96&d=mm&r=g\",\"caption\":\"cltredesign_0jp0l4\"},\"sameAs\":[\"https:\\\/\\\/icclt.org\"],\"url\":\"https:\\\/\\\/www.cltweb.org\\\/pt-br\\\/author\\\/cltredesign_0jp0l4\\\/\"}]}<\/script>\n<!-- \/ Yoast SEO Premium plugin. -->","yoast_head_json":{"title":"Os CLTs podem desempenhar um papel na pol\u00edtica clim\u00e1tica? - International Center for Community Land Trusts","robots":{"index":"index","follow":"follow","max-snippet":"max-snippet:-1","max-image-preview":"max-image-preview:large","max-video-preview":"max-video-preview:-1"},"canonical":"https:\/\/www.cltweb.org\/pt-br\/2024\/09\/10\/os-clts-podem-desempenhar-um-papel-na-politica-climatica\/","og_locale":"pt_BR","og_type":"article","og_title":"Os CLTs podem desempenhar um papel na pol\u00edtica clim\u00e1tica?","og_description":"A contribui\u00e7\u00e3o a seguir foi escrita por Geert De Pauw, Co-Coordenador do Community Land Trust Brussels, como uma contribui\u00e7\u00e3o para o pr\u00f3ximo webinar sobre &#8220;Using CLTs to Deliver Energy Renovation [&hellip;]","og_url":"https:\/\/www.cltweb.org\/pt-br\/2024\/09\/10\/os-clts-podem-desempenhar-um-papel-na-politica-climatica\/","og_site_name":"International Center for Community Land Trusts","article_publisher":"https:\/\/www.facebook.com\/cltcenter","article_published_time":"2024-09-10T21:01:00+00:00","article_modified_time":"2024-11-02T21:09:19+00:00","author":"cltredesign_0jp0l4","twitter_card":"summary_large_image","twitter_creator":"@Center4CLTs","twitter_site":"@Center4CLTs","twitter_misc":{"Escrito por":"cltredesign_0jp0l4","Est. tempo de leitura":"8 minutos"},"schema":{"@context":"https:\/\/schema.org","@graph":[{"@type":"Article","@id":"https:\/\/www.cltweb.org\/pt-br\/2024\/09\/10\/os-clts-podem-desempenhar-um-papel-na-politica-climatica\/#article","isPartOf":{"@id":"https:\/\/www.cltweb.org\/pt-br\/2024\/09\/10\/os-clts-podem-desempenhar-um-papel-na-politica-climatica\/"},"author":{"name":"cltredesign_0jp0l4","@id":"https:\/\/www.cltweb.org\/pt-br\/#\/schema\/person\/afd3723291b60b81c27772953e5b49d6"},"headline":"Os CLTs podem desempenhar um papel na pol\u00edtica clim\u00e1tica?","datePublished":"2024-09-10T21:01:00+00:00","dateModified":"2024-11-02T21:09:19+00:00","mainEntityOfPage":{"@id":"https:\/\/www.cltweb.org\/pt-br\/2024\/09\/10\/os-clts-podem-desempenhar-um-papel-na-politica-climatica\/"},"wordCount":1538,"publisher":{"@id":"https:\/\/www.cltweb.org\/pt-br\/#organization"},"articleSection":["Blogs"],"inLanguage":"pt-BR"},{"@type":"WebPage","@id":"https:\/\/www.cltweb.org\/pt-br\/2024\/09\/10\/os-clts-podem-desempenhar-um-papel-na-politica-climatica\/","url":"https:\/\/www.cltweb.org\/pt-br\/2024\/09\/10\/os-clts-podem-desempenhar-um-papel-na-politica-climatica\/","name":"Os CLTs podem desempenhar um papel na pol\u00edtica clim\u00e1tica? - International Center for Community Land Trusts","isPartOf":{"@id":"https:\/\/www.cltweb.org\/pt-br\/#website"},"datePublished":"2024-09-10T21:01:00+00:00","dateModified":"2024-11-02T21:09:19+00:00","breadcrumb":{"@id":"https:\/\/www.cltweb.org\/pt-br\/2024\/09\/10\/os-clts-podem-desempenhar-um-papel-na-politica-climatica\/#breadcrumb"},"inLanguage":"pt-BR","potentialAction":[{"@type":"ReadAction","target":["https:\/\/www.cltweb.org\/pt-br\/2024\/09\/10\/os-clts-podem-desempenhar-um-papel-na-politica-climatica\/"]}]},{"@type":"BreadcrumbList","@id":"https:\/\/www.cltweb.org\/pt-br\/2024\/09\/10\/os-clts-podem-desempenhar-um-papel-na-politica-climatica\/#breadcrumb","itemListElement":[{"@type":"ListItem","position":1,"name":"Home","item":"https:\/\/www.cltweb.org\/pt-br\/"},{"@type":"ListItem","position":2,"name":"Os CLTs podem desempenhar um papel na pol\u00edtica clim\u00e1tica?"}]},{"@type":"WebSite","@id":"https:\/\/www.cltweb.org\/pt-br\/#website","url":"https:\/\/www.cltweb.org\/pt-br\/","name":"International Center for Community Land Trusts","description":"","publisher":{"@id":"https:\/\/www.cltweb.org\/pt-br\/#organization"},"potentialAction":[{"@type":"SearchAction","target":{"@type":"EntryPoint","urlTemplate":"https:\/\/www.cltweb.org\/pt-br\/?s={search_term_string}"},"query-input":{"@type":"PropertyValueSpecification","valueRequired":true,"valueName":"search_term_string"}}],"inLanguage":"pt-BR"},{"@type":"Organization","@id":"https:\/\/www.cltweb.org\/pt-br\/#organization","name":"International Center for Community Land Trusts","url":"https:\/\/www.cltweb.org\/pt-br\/","logo":{"@type":"ImageObject","inLanguage":"pt-BR","@id":"https:\/\/www.cltweb.org\/pt-br\/#\/schema\/logo\/image\/","url":"https:\/\/www.cltweb.org\/wp-content\/uploads\/2024\/11\/New-CLT-Center-Text-logo.png","contentUrl":"https:\/\/www.cltweb.org\/wp-content\/uploads\/2024\/11\/New-CLT-Center-Text-logo.png","width":227,"height":80,"caption":"International Center for Community Land Trusts"},"image":{"@id":"https:\/\/www.cltweb.org\/pt-br\/#\/schema\/logo\/image\/"},"sameAs":["https:\/\/www.facebook.com\/cltcenter","https:\/\/x.com\/Center4CLTs","https:\/\/www.instagram.com\/cltcenter\/","https:\/\/www.linkedin.com\/company\/cltcenter","https:\/\/www.youtube.com\/@centerforcltinnovation5313"],"description":"The International Center for Community Land Trusts is a not-for-profit nongovernmental organization established in 2018 to promote and to support community land trusts and similar strategies of community-led development on community-owned land in countries throughout the world.","email":"info@communitylandtrust.net","legalName":"International Center for Community Land Trusts","foundingDate":"2018-12-01","taxID":"84-3858933","numberOfEmployees":{"@type":"QuantitativeValue","minValue":"1","maxValue":"10"}},{"@type":"Person","@id":"https:\/\/www.cltweb.org\/pt-br\/#\/schema\/person\/afd3723291b60b81c27772953e5b49d6","name":"cltredesign_0jp0l4","image":{"@type":"ImageObject","inLanguage":"pt-BR","@id":"https:\/\/secure.gravatar.com\/avatar\/1012e57596c2454da589d773454d3eb22a64f2ff638e62850caeb654f3affad5?s=96&d=mm&r=g","url":"https:\/\/secure.gravatar.com\/avatar\/1012e57596c2454da589d773454d3eb22a64f2ff638e62850caeb654f3affad5?s=96&d=mm&r=g","contentUrl":"https:\/\/secure.gravatar.com\/avatar\/1012e57596c2454da589d773454d3eb22a64f2ff638e62850caeb654f3affad5?s=96&d=mm&r=g","caption":"cltredesign_0jp0l4"},"sameAs":["https:\/\/icclt.org"],"url":"https:\/\/www.cltweb.org\/pt-br\/author\/cltredesign_0jp0l4\/"}]}},"taxonomy_info":{"category":[{"value":291,"label":"Blogs"}]},"featured_image_src_large":false,"author_info":{"display_name":"cltredesign_0jp0l4","author_link":"https:\/\/www.cltweb.org\/pt-br\/author\/cltredesign_0jp0l4\/"},"comment_info":0,"category_info":[{"term_id":291,"name":"Blogs","slug":"blogs-pt-br","term_group":0,"term_taxonomy_id":291,"taxonomy":"category","description":"","parent":0,"count":13,"filter":"raw","cat_ID":291,"category_count":13,"category_description":"","cat_name":"Blogs","category_nicename":"blogs-pt-br","category_parent":0}],"tag_info":false,"jetpack_featured_media_url":"","jetpack_sharing_enabled":true,"jetpack-related-posts":[{"id":7210,"url":"https:\/\/www.cltweb.org\/pt-br\/2024\/09\/16\/apoio-ao-projeto-upcycling-trust-perspectiva-de-um-pesquisador\/","url_meta":{"origin":7238,"position":0},"title":"Apoio ao projeto Upcycling Trust: Perspectiva de um pesquisador","author":"cltredesign_0jp0l4","date":"16 de setembro de 2024","format":false,"excerpt":"Por Jeanne Mosseray A contribui\u00e7\u00e3o a seguir foi escrita por Jeanne Mosseray, pesquisadora PhD do Cosmopolis Centre for Urban Research, como uma contribui\u00e7\u00e3o para o pr\u00f3ximo webinar sobre \"Using CLTs to Deliver Energy Renovation and Permanent Affordability to Existing Housing\" (Usando CLTs para fornecer renova\u00e7\u00e3o de energia e acessibilidade permanente\u2026","rel":"","context":"Em &quot;Blogs&quot;","block_context":{"text":"Blogs","link":"https:\/\/www.cltweb.org\/pt-br\/category\/blogs-pt-br\/"},"img":{"alt_text":"","src":"","width":0,"height":0},"classes":[]},{"id":6598,"url":"https:\/\/www.cltweb.org\/pt-br\/2022\/10\/11\/tirando-terrenos-do-mercado-para-tornar-a-cidade-acessivel\/","url_meta":{"origin":7238,"position":1},"title":"Tirando terrenos do mercado para tornar a cidade acess\u00edvel","author":"cltredesign_0jp0l4","date":"11 de outubro de 2022","format":false,"excerpt":"Ser\u00e1 que uma solu\u00e7\u00e3o para a crise habitacional n\u00e3o poderia ser retirar as moradias e os terrenos do mercado, para que n\u00e3o possam ser especulados e permane\u00e7am acess\u00edveis para sempre? Os Community Land Trusts j\u00e1 est\u00e3o fazendo isso em cidades de todo o mundo. Como isso pode ser ampliado? Qual\u2026","rel":"","context":"Em &quot;N\u00e3o categorizado&quot;","block_context":{"text":"N\u00e3o categorizado","link":"https:\/\/www.cltweb.org\/pt-br\/category\/nao-categorizado\/"},"img":{"alt_text":"Logotipo CLTB","src":"https:\/\/i0.wp.com\/www.cltweb.org\/wp-content\/uploads\/2022\/10\/CLTB_Logo-1024x660.png?resize=350%2C200&ssl=1","width":350,"height":200},"classes":[]},{"id":7246,"url":"https:\/\/www.cltweb.org\/pt-br\/2024\/09\/03\/introducao-ao-uso-de-clts-para-fornecer-renovacao-de-energia-e-acessibilidade-permanente-a-moradias-existentes\/","url_meta":{"origin":7238,"position":2},"title":"Introdu\u00e7\u00e3o ao uso de CLTs para fornecer renova\u00e7\u00e3o de energia e acessibilidade permanente a moradias existentes","author":"cltredesign_0jp0l4","date":"3 de setembro de 2024","format":false,"excerpt":"A contribui\u00e7\u00e3o a seguir foi escrita por Richard Kruger Delgado, gerente de educa\u00e7\u00e3o e divulga\u00e7\u00e3o do International Center for Community Land Trusts, para apresentar o pr\u00f3ximo webinar em 25 de setembro. \"Estamos no neg\u00f3cio de 'n\u00e3o deixar as pessoas para tr\u00e1s'.\" - John Davis, Centro Internacional de Fundos de Terras\u2026","rel":"","context":"Em &quot;Blogs&quot;","block_context":{"text":"Blogs","link":"https:\/\/www.cltweb.org\/pt-br\/category\/blogs-pt-br\/"},"img":{"alt_text":"","src":"","width":0,"height":0},"classes":[]},{"id":6573,"url":"https:\/\/www.cltweb.org\/pt-br\/2024\/08\/22\/usando-clts-para-fornecer-renovacao-de-energia-e-acessibilidade-permanente-a-moradias-existentes\/","url_meta":{"origin":7238,"position":3},"title":"Usando CLTs para fornecer renova\u00e7\u00e3o de energia e acessibilidade permanente a moradias existentes","author":"Ben Harris","date":"22 de agosto de 2024","format":false,"excerpt":"Junte-se a n\u00f3s no dia 25 de setembro de 2024 para um webinar sobre como os CLTs podem ser usados para oferecer renova\u00e7\u00e3o de energia e acessibilidade permanente \u00e0s moradias existentes. Voc\u00ea ouvir\u00e1 os principais profissionais de CLT que lideram abordagens inovadoras para a renova\u00e7\u00e3o de energia em moradias existentes,\u2026","rel":"","context":"Em &quot;N\u00e3o categorizado&quot;","block_context":{"text":"N\u00e3o categorizado","link":"https:\/\/www.cltweb.org\/pt-br\/category\/nao-categorizado\/"},"img":{"alt_text":"Jeanne Mosseray","src":"https:\/\/i0.wp.com\/www.cltweb.org\/wp-content\/uploads\/2024\/08\/jeanne_mosseray-254x300.jpg?resize=350%2C200&ssl=1","width":350,"height":200},"classes":[]},{"id":6566,"url":"https:\/\/www.cltweb.org\/pt-br\/2024\/10\/21\/painel-de-discussao-sobre-o-uso-de-clts-para-fornecer-renovacao-de-energia-e-acessibilidade-permanente-as-moradias-existentes\/","url_meta":{"origin":7238,"position":4},"title":"Painel de discuss\u00e3o sobre o uso de CLTs para fornecer renova\u00e7\u00e3o de energia e acessibilidade permanente \u00e0s moradias existentes","author":"Ben Harris","date":"21 de outubro de 2024","format":false,"excerpt":"GRAVA\u00c7\u00c3O DO WEBINAR TRANSCRI\u00c7\u00c3O EM INGL\u00caS E FRANC\u00caS DESCRI\u00c7\u00c3O DO WEBINAR Na sequ\u00eancia do webinar de setembro, reunimos os apresentadores dos webinars anteriores para um painel de discuss\u00e3o de uma hora de dura\u00e7\u00e3o, no qual continuamos a desenvolver os estudos de caso do m\u00eas anterior, trabalhando com propriet\u00e1rios n\u00e3o CLT\u2026","rel":"","context":"Em &quot;N\u00e3o categorizado&quot;","block_context":{"text":"N\u00e3o categorizado","link":"https:\/\/www.cltweb.org\/pt-br\/category\/nao-categorizado\/"},"img":{"alt_text":"Jeanne Mosseray","src":"https:\/\/i0.wp.com\/www.cltweb.org\/wp-content\/uploads\/2024\/08\/jeanne_mosseray-254x300.jpg?resize=350%2C200&ssl=1","width":350,"height":200},"classes":[]},{"id":10140,"url":"https:\/\/www.cltweb.org\/pt-br\/2025\/10\/24\/apresentacao-do-modelo-clt-na-conferencia-de-construcao-e-vida-colaborativa-e-social-2025-da-suecia\/","url_meta":{"origin":7238,"position":5},"title":"Apresenta\u00e7\u00e3o do modelo CLT na Confer\u00eancia de Constru\u00e7\u00e3o e Vida Colaborativa e Social 2025 da Su\u00e9cia","author":"Ben Harris","date":"24 de outubro de 2025","format":false,"excerpt":"Por Jonas Lagander, Coompanion A Coompanion participou da confer\u00eancia Collaborative and Social Building and Living deste ano em Bor\u00e5s, na Su\u00e9cia, e organizou dois semin\u00e1rios sobre CLTs. Juntamente com outros parceiros relevantes, eles est\u00e3o envolvidos no projeto \"Sistemas de inova\u00e7\u00e3o local em torno das barreiras para moradias colaborativas e baseadas\u2026","rel":"","context":"Em &quot;Blogs&quot;","block_context":{"text":"Blogs","link":"https:\/\/www.cltweb.org\/pt-br\/category\/blogs-pt-br\/"},"img":{"alt_text":"","src":"https:\/\/i0.wp.com\/www.cltweb.org\/wp-content\/uploads\/2025\/10\/IMG_6480.jpg?resize=350%2C200&ssl=1","width":350,"height":200,"srcset":"https:\/\/i0.wp.com\/www.cltweb.org\/wp-content\/uploads\/2025\/10\/IMG_6480.jpg?resize=350%2C200&ssl=1 1x, https:\/\/i0.wp.com\/www.cltweb.org\/wp-content\/uploads\/2025\/10\/IMG_6480.jpg?resize=525%2C300&ssl=1 1.5x, https:\/\/i0.wp.com\/www.cltweb.org\/wp-content\/uploads\/2025\/10\/IMG_6480.jpg?resize=700%2C400&ssl=1 2x, https:\/\/i0.wp.com\/www.cltweb.org\/wp-content\/uploads\/2025\/10\/IMG_6480.jpg?resize=1050%2C600&ssl=1 3x, https:\/\/i0.wp.com\/www.cltweb.org\/wp-content\/uploads\/2025\/10\/IMG_6480.jpg?resize=1400%2C800&ssl=1 4x"},"classes":[]}],"_links":{"self":[{"href":"https:\/\/www.cltweb.org\/pt-br\/wp-json\/wp\/v2\/posts\/7238","targetHints":{"allow":["GET"]}}],"collection":[{"href":"https:\/\/www.cltweb.org\/pt-br\/wp-json\/wp\/v2\/posts"}],"about":[{"href":"https:\/\/www.cltweb.org\/pt-br\/wp-json\/wp\/v2\/types\/post"}],"author":[{"embeddable":true,"href":"https:\/\/www.cltweb.org\/pt-br\/wp-json\/wp\/v2\/users\/1"}],"replies":[{"embeddable":true,"href":"https:\/\/www.cltweb.org\/pt-br\/wp-json\/wp\/v2\/comments?post=7238"}],"version-history":[{"count":1,"href":"https:\/\/www.cltweb.org\/pt-br\/wp-json\/wp\/v2\/posts\/7238\/revisions"}],"predecessor-version":[{"id":7239,"href":"https:\/\/www.cltweb.org\/pt-br\/wp-json\/wp\/v2\/posts\/7238\/revisions\/7239"}],"wp:attachment":[{"href":"https:\/\/www.cltweb.org\/pt-br\/wp-json\/wp\/v2\/media?parent=7238"}],"wp:term":[{"taxonomy":"category","embeddable":true,"href":"https:\/\/www.cltweb.org\/pt-br\/wp-json\/wp\/v2\/categories?post=7238"},{"taxonomy":"post_tag","embeddable":true,"href":"https:\/\/www.cltweb.org\/pt-br\/wp-json\/wp\/v2\/tags?post=7238"}],"curies":[{"name":"wp","href":"https:\/\/api.w.org\/{rel}","templated":true}]}}