{"id":7246,"date":"2024-09-03T21:13:00","date_gmt":"2024-09-03T21:13:00","guid":{"rendered":"https:\/\/www.cltweb.org\/2024\/09\/03\/introducao-ao-uso-de-clts-para-fornecer-renovacao-de-energia-e-acessibilidade-permanente-a-moradias-existentes\/"},"modified":"2024-11-02T21:16:12","modified_gmt":"2024-11-02T21:16:12","slug":"introducao-ao-uso-de-clts-para-fornecer-renovacao-de-energia-e-acessibilidade-permanente-a-moradias-existentes","status":"publish","type":"post","link":"https:\/\/www.cltweb.org\/pt-br\/2024\/09\/03\/introducao-ao-uso-de-clts-para-fornecer-renovacao-de-energia-e-acessibilidade-permanente-a-moradias-existentes\/","title":{"rendered":"Introdu\u00e7\u00e3o ao uso de CLTs para fornecer renova\u00e7\u00e3o de energia e acessibilidade permanente a moradias existentes"},"content":{"rendered":"\n<p><em><strong>A contribui\u00e7\u00e3o a seguir foi escrita por Richard Kruger Delgado, gerente de educa\u00e7\u00e3o e divulga\u00e7\u00e3o do International Center for Community Land Trusts, para apresentar o pr\u00f3ximo webinar em 25 de setembro.  <\/strong><\/em><\/p>\n\n<p><strong>&#8220;Estamos no neg\u00f3cio de &#8216;n\u00e3o deixar as pessoas para tr\u00e1s&#8217;.&#8221;<em> &#8211; John Davis, Centro Internacional de Fundos de Terras Comunit\u00e1rios<\/em><\/strong><\/p>\n\n<p>O &#8220;neg\u00f3cio&#8221; ao qual John Davis est\u00e1 se referindo \u00e9 o trabalho dos community land trusts. Enfatizando o papel de uma &#8220;comunidade&#8221; na propriedade e administra\u00e7\u00e3o de terras para moradia e outros usos, o CLT tem sido, desde suas origens, um m\u00e9todo transformador para garantir a subsist\u00eancia e o pertencimento das comunidades. No CLT, a comunidade est\u00e1 sempre crescendo, florescendo e renovando a base para proporcionar estabilidade, seguran\u00e7a e acessibilidade de moradia e posse. Embora os CLTs trabalhem com comunidades locais, a comunidade maior de organiza\u00e7\u00f5es CLT continua a crescer, encontrando um prop\u00f3sito renovado em contextos radicalmente diferentes em todo o planeta. Fundado em princ\u00edpios de justi\u00e7a e equidade na busca do desenvolvimento liderado pela comunidade em terras de propriedade da comunidade, o CLT, eminentemente adapt\u00e1vel, \u00e9 usado para possibilitar a justi\u00e7a de diversas maneiras e responder a necessidades extremamente diferentes. Universal em todo o seu crescimento tem sido o uso do CLT para garantir a justi\u00e7a e a equidade em face de sistemas de moradia e posse excludentes e injustos.     <\/p>\n\n<p>O crescimento do movimento CLT, especialmente nas \u00faltimas duas d\u00e9cadas, tem sido explosivo. O CLT agora est\u00e1 estabelecido como uma forma leg\u00edtima de fornecimento de moradia e posse em 14 pa\u00edses. Ele foi inclu\u00eddo na vers\u00e3o mais recente da Nova Agenda Urbana da ONU Habitat. O primeiro CLT no Sul Global, o Ca\u00f1o Mart\u00edn Pe\u00f1a CLT, permitiu que um movimento nascente de CLTs na Am\u00e9rica Latina come\u00e7asse a florescer. Grupos ind\u00edgenas e das Primeiras Na\u00e7\u00f5es na Austr\u00e1lia, no Canad\u00e1 e nos Estados Unidos est\u00e3o cada vez mais buscando o CLT como um complemento para outras estrat\u00e9gias de descoloniza\u00e7\u00e3o da terra e da propriedade. E, cada vez mais, os CLTs em todo o mundo est\u00e3o experimentando usos da terra que v\u00e3o al\u00e9m de moradias acess\u00edveis, garantindo a posse de bairros urbanos &#8220;informais&#8221; para o desenvolvimento de agricultura, infraestrutura, usos c\u00edvicos, art\u00edsticos e comerciais liderados pela comunidade e de propriedade da mesma. Tudo isso est\u00e1 acontecendo enquanto uma profunda crise de acessibilidade de moradia, gentrifica\u00e7\u00e3o e deslocamento est\u00e1 sendo sentida por comunidades vulner\u00e1veis em todo o mundo.        <\/p>\n\n<p>A crise de moradia n\u00e3o \u00e9 a \u00fanica que as comunidades de todo o mundo est\u00e3o enfrentando. As mudan\u00e7as clim\u00e1ticas e seus efeitos aumentaram de forma not\u00e1vel e r\u00e1pida na \u00faltima d\u00e9cada. Furac\u00f5es, inc\u00eandios florestais, condi\u00e7\u00f5es clim\u00e1ticas extremas e calor est\u00e3o aumentando os \u00f4nus enfrentados pelas popula\u00e7\u00f5es vulner\u00e1veis. As desigualdades existentes enfrentadas pelas popula\u00e7\u00f5es vulner\u00e1veis s\u00e3o intensificadas e sentidas de forma desproporcional. Juntamente com essas amea\u00e7as, no entanto, h\u00e1 o risco que tamb\u00e9m vem com as pol\u00edticas de mitiga\u00e7\u00e3o e adapta\u00e7\u00e3o \u00e0s mudan\u00e7as clim\u00e1ticas que n\u00e3o centralizam a justi\u00e7a e a equidade na resposta \u00e0s mudan\u00e7as clim\u00e1ticas. Como afirmam os defensores da justi\u00e7a clim\u00e1tica, &#8220;a transi\u00e7\u00e3o (para uma economia descarbonizada) \u00e9 inevit\u00e1vel. A justi\u00e7a n\u00e3o \u00e9&#8221;.       <\/p>\n\n<p>Dada a inevitabilidade da transi\u00e7\u00e3o, mas sem garantias de justi\u00e7a, onde a figura do community land trust se encaixa nesse quadro do futuro? Como os CLTs j\u00e1 est\u00e3o respondendo \u00e0s preocupa\u00e7\u00f5es com a justi\u00e7a ambiental? Como a miss\u00e3o de administra\u00e7\u00e3o dos CLTs os torna os parceiros perfeitos para realizar uma Transi\u00e7\u00e3o Justa? Como a crise clim\u00e1tica tem atra\u00eddo a aten\u00e7\u00e3o de grande parte do mundo e de muitos ativistas, organizadores, formuladores de pol\u00edticas e planejadores que est\u00e3o trabalhando desesperadamente em busca de solu\u00e7\u00f5es justas, n\u00f3s do Centro Internacional para CLTs (Centro CLT) sentimos que agora \u00e9 o momento de come\u00e7ar a participar de um movimento mais amplo para lidar com a mudan\u00e7a clim\u00e1tica, de forma alinhada com a miss\u00e3o principal dos CLTs &#8211; garantir a acessibilidade da moradia e assegurar a posse.   <\/p>\n\n<p>Como gerente de educa\u00e7\u00e3o e divulga\u00e7\u00e3o do Centro CLT, quero dar as boas-vindas ao movimento global CLT, que se juntar\u00e1 a n\u00f3s no in\u00edcio de um novo cap\u00edtulo. A Iniciativa de Transi\u00e7\u00e3o Justa CLT2030 \u00e9 resultado de uma parceria com o <a href=\"https:\/\/cltb.be\/\" target=\"_blank\" rel=\"noreferrer noopener\">Community Land Trust Brussels<\/a> (CLTB). Inspirada no trabalho de CLTs como o CLTB, bem como nos CLTs de todo o mundo que assumiram a lideran\u00e7a na incorpora\u00e7\u00e3o da justi\u00e7a e da equidade em seus esfor\u00e7os de sustentabilidade ambiental, circularidade e mitiga\u00e7\u00e3o e adapta\u00e7\u00e3o \u00e0s mudan\u00e7as clim\u00e1ticas. Orientado por uma miss\u00e3o central de mostrar a inova\u00e7\u00e3o na pr\u00e1tica do CLT, o Centro est\u00e1 assumindo a lideran\u00e7a na apresenta\u00e7\u00e3o de como os CLTs est\u00e3o dando vida aos princ\u00edpios fundamentais da Transi\u00e7\u00e3o Justa.   <\/p>\n\n<p>Quais s\u00e3o esses princ\u00edpios? Por meio de um processo colaborativo com profissionais de CLT de todo o mundo, percebemos que os CLTs j\u00e1 s\u00e3o projetos de demonstra\u00e7\u00e3o para alcan\u00e7ar a justi\u00e7a e a equidade em face de uma transi\u00e7\u00e3o para uma economia descarbonizada. Como os CLTs incorporam a justi\u00e7a?  <\/p>\n\n<p>Por meio de pr\u00e1ticas, pessoas e propriedades. Mas o que queremos dizer com isso? <\/p>\n\n<ol class=\"wp-block-list\">\n<li><strong>Pr\u00e1tica <\/strong>&#8211; A pr\u00e1tica do CLT baseia-se em princ\u00edpios fundamentais que permitem que os membros da comunidade sejam representados e participem da governan\u00e7a do CLT. Baseada na organiza\u00e7\u00e3o abrangente da comunidade, na participa\u00e7\u00e3o democr\u00e1tica e na representa\u00e7\u00e3o na governan\u00e7a, e na administra\u00e7\u00e3o de longo prazo dos ativos de propriedade da comunidade para o benef\u00edcio da comunidade. Essas pr\u00e1ticas s\u00e3o essenciais para a constru\u00e7\u00e3o de confian\u00e7a e legitimidade com comunidades marginalizadas e vulner\u00e1veis, criando a infraestrutura para a tomada de decis\u00f5es e a participa\u00e7\u00e3o da comunidade.  <\/li>\n\n\n\n<li><strong>Pessoas <\/strong>&#8211; Os CLTs s\u00e3o dedicados a comunidades locais, centralizando grupos sub-representados e sub-reconhecidos em sua miss\u00e3o, valorizando a sa\u00fade e o bem-estar das pessoas de forma hol\u00edstica. Guiados pela pr\u00e1tica da administra\u00e7\u00e3o, os CLTs permitem a representa\u00e7\u00e3o de v\u00e1rias gera\u00e7\u00f5es, conectando as gera\u00e7\u00f5es futuras e as comunidades aos dias atuais. <\/li>\n\n\n\n<li><strong>Propriedade <\/strong>&#8211; Os CLTs redistribuem a propriedade da terra para organiza\u00e7\u00f5es administradas pelos pr\u00f3prios membros e comunidades. Ao separar o valor da terra da moradia e por meio de pr\u00e1ticas de administra\u00e7\u00e3o de longo prazo, os CLTs oferecem acessibilidade permanente e posse segura, al\u00e9m de apoiar novos usos comunit\u00e1rios da terra, incluindo agricultura, desenvolvimento econ\u00f4mico e usos que se alinham \u00e0 sustentabilidade e \u00e0 resili\u00eancia ambiental. Ao possibilitar a justi\u00e7a fundi\u00e1ria por meio da propriedade coletiva, os CLTs n\u00e3o apenas redistribuem a terra, mas, principalmente, o poder que vem com a propriedade  <\/li>\n<\/ol>\n\n<hr class=\"wp-block-separator has-alpha-channel-opacity\"\/>\n\n<p><em>Os pontos de vista e opini\u00f5es expressos neste artigo s\u00e3o de responsabilidade do autor e n\u00e3o refletem necessariamente os pontos de vista ou posi\u00e7\u00f5es do International Center for Community Land Trusts.<\/em><\/p>\n","protected":false},"excerpt":{"rendered":"<p>A contribui\u00e7\u00e3o a seguir foi escrita por Richard Kruger Delgado, gerente de educa\u00e7\u00e3o e divulga\u00e7\u00e3o do International Center for Community Land Trusts, para apresentar o pr\u00f3ximo webinar em 25 de [&hellip;]<\/p>\n","protected":false},"author":1,"featured_media":0,"comment_status":"closed","ping_status":"open","sticky":false,"template":"","format":"standard","meta":{"give_campaign_id":0,"_tec_requires_first_save":true,"_kad_blocks_custom_css":"","_kad_blocks_head_custom_js":"","_kad_blocks_body_custom_js":"","_kad_blocks_footer_custom_js":"","_EventAllDay":false,"_EventTimezone":"","_EventStartDate":"","_EventEndDate":"","_EventStartDateUTC":"","_EventEndDateUTC":"","_EventShowMap":false,"_EventShowMapLink":false,"_EventURL":"","_EventCost":"","_EventCostDescription":"","_EventCurrencySymbol":"","_EventCurrencyCode":"","_EventCurrencyPosition":"","_EventDateTimeSeparator":"","_EventTimeRangeSeparator":"","_EventOrganizerID":[],"_EventVenueID":[],"_OrganizerEmail":"","_OrganizerPhone":"","_OrganizerWebsite":"","_VenueAddress":"","_VenueCity":"","_VenueCountry":"","_VenueProvince":"","_VenueState":"","_VenueZip":"","_VenuePhone":"","_VenueURL":"","_VenueStateProvince":"","_VenueLat":"","_VenueLng":"","_VenueShowMap":false,"_VenueShowMapLink":false,"_tribe_blocks_recurrence_rules":"","_tribe_blocks_recurrence_description":"","_tribe_blocks_recurrence_exclusions":"","_jetpack_memberships_contains_paid_content":false,"footnotes":""},"categories":[291],"tags":[],"class_list":["post-7246","post","type-post","status-publish","format-standard","hentry","category-blogs-pt-br"],"blocksy_meta":[],"yoast_head":"<!-- This site is optimized with the Yoast SEO Premium plugin v27.4 (Yoast SEO v27.5) - https:\/\/yoast.com\/product\/yoast-seo-premium-wordpress\/ -->\n<title>Introdu\u00e7\u00e3o ao uso de CLTs para fornecer renova\u00e7\u00e3o de energia e acessibilidade permanente a moradias existentes - International Center for Community Land Trusts<\/title>\n<meta name=\"robots\" content=\"index, follow, max-snippet:-1, max-image-preview:large, max-video-preview:-1\" \/>\n<link rel=\"canonical\" href=\"https:\/\/www.cltweb.org\/pt-br\/2024\/09\/03\/introducao-ao-uso-de-clts-para-fornecer-renovacao-de-energia-e-acessibilidade-permanente-a-moradias-existentes\/\" \/>\n<meta property=\"og:locale\" content=\"pt_BR\" \/>\n<meta property=\"og:type\" content=\"article\" \/>\n<meta property=\"og:title\" content=\"Introdu\u00e7\u00e3o ao uso de CLTs para fornecer renova\u00e7\u00e3o de energia e acessibilidade permanente a moradias existentes\" \/>\n<meta property=\"og:description\" content=\"A contribui\u00e7\u00e3o a seguir foi escrita por Richard Kruger Delgado, gerente de educa\u00e7\u00e3o e divulga\u00e7\u00e3o do International Center for Community Land Trusts, para apresentar o pr\u00f3ximo webinar em 25 de [&hellip;]\" \/>\n<meta property=\"og:url\" content=\"https:\/\/www.cltweb.org\/pt-br\/2024\/09\/03\/introducao-ao-uso-de-clts-para-fornecer-renovacao-de-energia-e-acessibilidade-permanente-a-moradias-existentes\/\" \/>\n<meta property=\"og:site_name\" content=\"International Center for Community Land Trusts\" \/>\n<meta property=\"article:publisher\" content=\"https:\/\/www.facebook.com\/cltcenter\" \/>\n<meta property=\"article:published_time\" content=\"2024-09-03T21:13:00+00:00\" \/>\n<meta property=\"article:modified_time\" content=\"2024-11-02T21:16:12+00:00\" \/>\n<meta name=\"author\" content=\"cltredesign_0jp0l4\" \/>\n<meta name=\"twitter:card\" content=\"summary_large_image\" \/>\n<meta name=\"twitter:creator\" content=\"@Center4CLTs\" \/>\n<meta name=\"twitter:site\" content=\"@Center4CLTs\" \/>\n<meta name=\"twitter:label1\" content=\"Escrito por\" \/>\n\t<meta name=\"twitter:data1\" content=\"cltredesign_0jp0l4\" \/>\n\t<meta name=\"twitter:label2\" content=\"Est. tempo de leitura\" \/>\n\t<meta name=\"twitter:data2\" content=\"6 minutos\" \/>\n<script type=\"application\/ld+json\" class=\"yoast-schema-graph\">{\"@context\":\"https:\\\/\\\/schema.org\",\"@graph\":[{\"@type\":\"Article\",\"@id\":\"https:\\\/\\\/www.cltweb.org\\\/pt-br\\\/2024\\\/09\\\/03\\\/introducao-ao-uso-de-clts-para-fornecer-renovacao-de-energia-e-acessibilidade-permanente-a-moradias-existentes\\\/#article\",\"isPartOf\":{\"@id\":\"https:\\\/\\\/www.cltweb.org\\\/pt-br\\\/2024\\\/09\\\/03\\\/introducao-ao-uso-de-clts-para-fornecer-renovacao-de-energia-e-acessibilidade-permanente-a-moradias-existentes\\\/\"},\"author\":{\"name\":\"cltredesign_0jp0l4\",\"@id\":\"https:\\\/\\\/www.cltweb.org\\\/pt-br\\\/#\\\/schema\\\/person\\\/afd3723291b60b81c27772953e5b49d6\"},\"headline\":\"Introdu\u00e7\u00e3o ao uso de CLTs para fornecer renova\u00e7\u00e3o de energia e acessibilidade permanente a moradias existentes\",\"datePublished\":\"2024-09-03T21:13:00+00:00\",\"dateModified\":\"2024-11-02T21:16:12+00:00\",\"mainEntityOfPage\":{\"@id\":\"https:\\\/\\\/www.cltweb.org\\\/pt-br\\\/2024\\\/09\\\/03\\\/introducao-ao-uso-de-clts-para-fornecer-renovacao-de-energia-e-acessibilidade-permanente-a-moradias-existentes\\\/\"},\"wordCount\":1266,\"publisher\":{\"@id\":\"https:\\\/\\\/www.cltweb.org\\\/pt-br\\\/#organization\"},\"articleSection\":[\"Blogs\"],\"inLanguage\":\"pt-BR\"},{\"@type\":\"WebPage\",\"@id\":\"https:\\\/\\\/www.cltweb.org\\\/pt-br\\\/2024\\\/09\\\/03\\\/introducao-ao-uso-de-clts-para-fornecer-renovacao-de-energia-e-acessibilidade-permanente-a-moradias-existentes\\\/\",\"url\":\"https:\\\/\\\/www.cltweb.org\\\/pt-br\\\/2024\\\/09\\\/03\\\/introducao-ao-uso-de-clts-para-fornecer-renovacao-de-energia-e-acessibilidade-permanente-a-moradias-existentes\\\/\",\"name\":\"Introdu\u00e7\u00e3o ao uso de CLTs para fornecer renova\u00e7\u00e3o de energia e acessibilidade permanente a moradias existentes - International Center for Community Land Trusts\",\"isPartOf\":{\"@id\":\"https:\\\/\\\/www.cltweb.org\\\/pt-br\\\/#website\"},\"datePublished\":\"2024-09-03T21:13:00+00:00\",\"dateModified\":\"2024-11-02T21:16:12+00:00\",\"breadcrumb\":{\"@id\":\"https:\\\/\\\/www.cltweb.org\\\/pt-br\\\/2024\\\/09\\\/03\\\/introducao-ao-uso-de-clts-para-fornecer-renovacao-de-energia-e-acessibilidade-permanente-a-moradias-existentes\\\/#breadcrumb\"},\"inLanguage\":\"pt-BR\",\"potentialAction\":[{\"@type\":\"ReadAction\",\"target\":[\"https:\\\/\\\/www.cltweb.org\\\/pt-br\\\/2024\\\/09\\\/03\\\/introducao-ao-uso-de-clts-para-fornecer-renovacao-de-energia-e-acessibilidade-permanente-a-moradias-existentes\\\/\"]}]},{\"@type\":\"BreadcrumbList\",\"@id\":\"https:\\\/\\\/www.cltweb.org\\\/pt-br\\\/2024\\\/09\\\/03\\\/introducao-ao-uso-de-clts-para-fornecer-renovacao-de-energia-e-acessibilidade-permanente-a-moradias-existentes\\\/#breadcrumb\",\"itemListElement\":[{\"@type\":\"ListItem\",\"position\":1,\"name\":\"Home\",\"item\":\"https:\\\/\\\/www.cltweb.org\\\/pt-br\\\/\"},{\"@type\":\"ListItem\",\"position\":2,\"name\":\"Introdu\u00e7\u00e3o ao uso de CLTs para fornecer renova\u00e7\u00e3o de energia e acessibilidade permanente a moradias existentes\"}]},{\"@type\":\"WebSite\",\"@id\":\"https:\\\/\\\/www.cltweb.org\\\/pt-br\\\/#website\",\"url\":\"https:\\\/\\\/www.cltweb.org\\\/pt-br\\\/\",\"name\":\"International Center for Community Land Trusts\",\"description\":\"\",\"publisher\":{\"@id\":\"https:\\\/\\\/www.cltweb.org\\\/pt-br\\\/#organization\"},\"potentialAction\":[{\"@type\":\"SearchAction\",\"target\":{\"@type\":\"EntryPoint\",\"urlTemplate\":\"https:\\\/\\\/www.cltweb.org\\\/pt-br\\\/?s={search_term_string}\"},\"query-input\":{\"@type\":\"PropertyValueSpecification\",\"valueRequired\":true,\"valueName\":\"search_term_string\"}}],\"inLanguage\":\"pt-BR\"},{\"@type\":\"Organization\",\"@id\":\"https:\\\/\\\/www.cltweb.org\\\/pt-br\\\/#organization\",\"name\":\"International Center for Community Land Trusts\",\"url\":\"https:\\\/\\\/www.cltweb.org\\\/pt-br\\\/\",\"logo\":{\"@type\":\"ImageObject\",\"inLanguage\":\"pt-BR\",\"@id\":\"https:\\\/\\\/www.cltweb.org\\\/pt-br\\\/#\\\/schema\\\/logo\\\/image\\\/\",\"url\":\"https:\\\/\\\/www.cltweb.org\\\/wp-content\\\/uploads\\\/2024\\\/11\\\/New-CLT-Center-Text-logo.png\",\"contentUrl\":\"https:\\\/\\\/www.cltweb.org\\\/wp-content\\\/uploads\\\/2024\\\/11\\\/New-CLT-Center-Text-logo.png\",\"width\":227,\"height\":80,\"caption\":\"International Center for Community Land Trusts\"},\"image\":{\"@id\":\"https:\\\/\\\/www.cltweb.org\\\/pt-br\\\/#\\\/schema\\\/logo\\\/image\\\/\"},\"sameAs\":[\"https:\\\/\\\/www.facebook.com\\\/cltcenter\",\"https:\\\/\\\/x.com\\\/Center4CLTs\",\"https:\\\/\\\/www.instagram.com\\\/cltcenter\\\/\",\"https:\\\/\\\/www.linkedin.com\\\/company\\\/cltcenter\",\"https:\\\/\\\/www.youtube.com\\\/@centerforcltinnovation5313\"],\"description\":\"The International Center for Community Land Trusts is a not-for-profit nongovernmental organization established in 2018 to promote and to support community land trusts and similar strategies of community-led development on community-owned land in countries throughout the world.\",\"email\":\"info@communitylandtrust.net\",\"legalName\":\"International Center for Community Land Trusts\",\"foundingDate\":\"2018-12-01\",\"taxID\":\"84-3858933\",\"numberOfEmployees\":{\"@type\":\"QuantitativeValue\",\"minValue\":\"1\",\"maxValue\":\"10\"}},{\"@type\":\"Person\",\"@id\":\"https:\\\/\\\/www.cltweb.org\\\/pt-br\\\/#\\\/schema\\\/person\\\/afd3723291b60b81c27772953e5b49d6\",\"name\":\"cltredesign_0jp0l4\",\"image\":{\"@type\":\"ImageObject\",\"inLanguage\":\"pt-BR\",\"@id\":\"https:\\\/\\\/secure.gravatar.com\\\/avatar\\\/1012e57596c2454da589d773454d3eb22a64f2ff638e62850caeb654f3affad5?s=96&d=mm&r=g\",\"url\":\"https:\\\/\\\/secure.gravatar.com\\\/avatar\\\/1012e57596c2454da589d773454d3eb22a64f2ff638e62850caeb654f3affad5?s=96&d=mm&r=g\",\"contentUrl\":\"https:\\\/\\\/secure.gravatar.com\\\/avatar\\\/1012e57596c2454da589d773454d3eb22a64f2ff638e62850caeb654f3affad5?s=96&d=mm&r=g\",\"caption\":\"cltredesign_0jp0l4\"},\"sameAs\":[\"https:\\\/\\\/icclt.org\"],\"url\":\"https:\\\/\\\/www.cltweb.org\\\/pt-br\\\/author\\\/cltredesign_0jp0l4\\\/\"}]}<\/script>\n<!-- \/ Yoast SEO Premium plugin. -->","yoast_head_json":{"title":"Introdu\u00e7\u00e3o ao uso de CLTs para fornecer renova\u00e7\u00e3o de energia e acessibilidade permanente a moradias existentes - International Center for Community Land Trusts","robots":{"index":"index","follow":"follow","max-snippet":"max-snippet:-1","max-image-preview":"max-image-preview:large","max-video-preview":"max-video-preview:-1"},"canonical":"https:\/\/www.cltweb.org\/pt-br\/2024\/09\/03\/introducao-ao-uso-de-clts-para-fornecer-renovacao-de-energia-e-acessibilidade-permanente-a-moradias-existentes\/","og_locale":"pt_BR","og_type":"article","og_title":"Introdu\u00e7\u00e3o ao uso de CLTs para fornecer renova\u00e7\u00e3o de energia e acessibilidade permanente a moradias existentes","og_description":"A contribui\u00e7\u00e3o a seguir foi escrita por Richard Kruger Delgado, gerente de educa\u00e7\u00e3o e divulga\u00e7\u00e3o do International Center for Community Land Trusts, para apresentar o pr\u00f3ximo webinar em 25 de [&hellip;]","og_url":"https:\/\/www.cltweb.org\/pt-br\/2024\/09\/03\/introducao-ao-uso-de-clts-para-fornecer-renovacao-de-energia-e-acessibilidade-permanente-a-moradias-existentes\/","og_site_name":"International Center for Community Land Trusts","article_publisher":"https:\/\/www.facebook.com\/cltcenter","article_published_time":"2024-09-03T21:13:00+00:00","article_modified_time":"2024-11-02T21:16:12+00:00","author":"cltredesign_0jp0l4","twitter_card":"summary_large_image","twitter_creator":"@Center4CLTs","twitter_site":"@Center4CLTs","twitter_misc":{"Escrito por":"cltredesign_0jp0l4","Est. tempo de leitura":"6 minutos"},"schema":{"@context":"https:\/\/schema.org","@graph":[{"@type":"Article","@id":"https:\/\/www.cltweb.org\/pt-br\/2024\/09\/03\/introducao-ao-uso-de-clts-para-fornecer-renovacao-de-energia-e-acessibilidade-permanente-a-moradias-existentes\/#article","isPartOf":{"@id":"https:\/\/www.cltweb.org\/pt-br\/2024\/09\/03\/introducao-ao-uso-de-clts-para-fornecer-renovacao-de-energia-e-acessibilidade-permanente-a-moradias-existentes\/"},"author":{"name":"cltredesign_0jp0l4","@id":"https:\/\/www.cltweb.org\/pt-br\/#\/schema\/person\/afd3723291b60b81c27772953e5b49d6"},"headline":"Introdu\u00e7\u00e3o ao uso de CLTs para fornecer renova\u00e7\u00e3o de energia e acessibilidade permanente a moradias existentes","datePublished":"2024-09-03T21:13:00+00:00","dateModified":"2024-11-02T21:16:12+00:00","mainEntityOfPage":{"@id":"https:\/\/www.cltweb.org\/pt-br\/2024\/09\/03\/introducao-ao-uso-de-clts-para-fornecer-renovacao-de-energia-e-acessibilidade-permanente-a-moradias-existentes\/"},"wordCount":1266,"publisher":{"@id":"https:\/\/www.cltweb.org\/pt-br\/#organization"},"articleSection":["Blogs"],"inLanguage":"pt-BR"},{"@type":"WebPage","@id":"https:\/\/www.cltweb.org\/pt-br\/2024\/09\/03\/introducao-ao-uso-de-clts-para-fornecer-renovacao-de-energia-e-acessibilidade-permanente-a-moradias-existentes\/","url":"https:\/\/www.cltweb.org\/pt-br\/2024\/09\/03\/introducao-ao-uso-de-clts-para-fornecer-renovacao-de-energia-e-acessibilidade-permanente-a-moradias-existentes\/","name":"Introdu\u00e7\u00e3o ao uso de CLTs para fornecer renova\u00e7\u00e3o de energia e acessibilidade permanente a moradias existentes - International Center for Community Land Trusts","isPartOf":{"@id":"https:\/\/www.cltweb.org\/pt-br\/#website"},"datePublished":"2024-09-03T21:13:00+00:00","dateModified":"2024-11-02T21:16:12+00:00","breadcrumb":{"@id":"https:\/\/www.cltweb.org\/pt-br\/2024\/09\/03\/introducao-ao-uso-de-clts-para-fornecer-renovacao-de-energia-e-acessibilidade-permanente-a-moradias-existentes\/#breadcrumb"},"inLanguage":"pt-BR","potentialAction":[{"@type":"ReadAction","target":["https:\/\/www.cltweb.org\/pt-br\/2024\/09\/03\/introducao-ao-uso-de-clts-para-fornecer-renovacao-de-energia-e-acessibilidade-permanente-a-moradias-existentes\/"]}]},{"@type":"BreadcrumbList","@id":"https:\/\/www.cltweb.org\/pt-br\/2024\/09\/03\/introducao-ao-uso-de-clts-para-fornecer-renovacao-de-energia-e-acessibilidade-permanente-a-moradias-existentes\/#breadcrumb","itemListElement":[{"@type":"ListItem","position":1,"name":"Home","item":"https:\/\/www.cltweb.org\/pt-br\/"},{"@type":"ListItem","position":2,"name":"Introdu\u00e7\u00e3o ao uso de CLTs para fornecer renova\u00e7\u00e3o de energia e acessibilidade permanente a moradias existentes"}]},{"@type":"WebSite","@id":"https:\/\/www.cltweb.org\/pt-br\/#website","url":"https:\/\/www.cltweb.org\/pt-br\/","name":"International Center for Community Land Trusts","description":"","publisher":{"@id":"https:\/\/www.cltweb.org\/pt-br\/#organization"},"potentialAction":[{"@type":"SearchAction","target":{"@type":"EntryPoint","urlTemplate":"https:\/\/www.cltweb.org\/pt-br\/?s={search_term_string}"},"query-input":{"@type":"PropertyValueSpecification","valueRequired":true,"valueName":"search_term_string"}}],"inLanguage":"pt-BR"},{"@type":"Organization","@id":"https:\/\/www.cltweb.org\/pt-br\/#organization","name":"International Center for Community Land Trusts","url":"https:\/\/www.cltweb.org\/pt-br\/","logo":{"@type":"ImageObject","inLanguage":"pt-BR","@id":"https:\/\/www.cltweb.org\/pt-br\/#\/schema\/logo\/image\/","url":"https:\/\/www.cltweb.org\/wp-content\/uploads\/2024\/11\/New-CLT-Center-Text-logo.png","contentUrl":"https:\/\/www.cltweb.org\/wp-content\/uploads\/2024\/11\/New-CLT-Center-Text-logo.png","width":227,"height":80,"caption":"International Center for Community Land Trusts"},"image":{"@id":"https:\/\/www.cltweb.org\/pt-br\/#\/schema\/logo\/image\/"},"sameAs":["https:\/\/www.facebook.com\/cltcenter","https:\/\/x.com\/Center4CLTs","https:\/\/www.instagram.com\/cltcenter\/","https:\/\/www.linkedin.com\/company\/cltcenter","https:\/\/www.youtube.com\/@centerforcltinnovation5313"],"description":"The International Center for Community Land Trusts is a not-for-profit nongovernmental organization established in 2018 to promote and to support community land trusts and similar strategies of community-led development on community-owned land in countries throughout the world.","email":"info@communitylandtrust.net","legalName":"International Center for Community Land Trusts","foundingDate":"2018-12-01","taxID":"84-3858933","numberOfEmployees":{"@type":"QuantitativeValue","minValue":"1","maxValue":"10"}},{"@type":"Person","@id":"https:\/\/www.cltweb.org\/pt-br\/#\/schema\/person\/afd3723291b60b81c27772953e5b49d6","name":"cltredesign_0jp0l4","image":{"@type":"ImageObject","inLanguage":"pt-BR","@id":"https:\/\/secure.gravatar.com\/avatar\/1012e57596c2454da589d773454d3eb22a64f2ff638e62850caeb654f3affad5?s=96&d=mm&r=g","url":"https:\/\/secure.gravatar.com\/avatar\/1012e57596c2454da589d773454d3eb22a64f2ff638e62850caeb654f3affad5?s=96&d=mm&r=g","contentUrl":"https:\/\/secure.gravatar.com\/avatar\/1012e57596c2454da589d773454d3eb22a64f2ff638e62850caeb654f3affad5?s=96&d=mm&r=g","caption":"cltredesign_0jp0l4"},"sameAs":["https:\/\/icclt.org"],"url":"https:\/\/www.cltweb.org\/pt-br\/author\/cltredesign_0jp0l4\/"}]}},"taxonomy_info":{"category":[{"value":291,"label":"Blogs"}]},"featured_image_src_large":false,"author_info":{"display_name":"cltredesign_0jp0l4","author_link":"https:\/\/www.cltweb.org\/pt-br\/author\/cltredesign_0jp0l4\/"},"comment_info":0,"category_info":[{"term_id":291,"name":"Blogs","slug":"blogs-pt-br","term_group":0,"term_taxonomy_id":291,"taxonomy":"category","description":"","parent":0,"count":13,"filter":"raw","cat_ID":291,"category_count":13,"category_description":"","cat_name":"Blogs","category_nicename":"blogs-pt-br","category_parent":0}],"tag_info":false,"jetpack_featured_media_url":"","jetpack_sharing_enabled":true,"jetpack-related-posts":[{"id":10097,"url":"https:\/\/www.cltweb.org\/pt-br\/2025\/10\/24\/explorando-o-potencial-dos-community-land-trusts-em-buenos-aires\/","url_meta":{"origin":7246,"position":0},"title":"Explorando o potencial dos Community Land Trusts em Buenos Aires","author":"Ben Harris","date":"24 de outubro de 2025","format":false,"excerpt":"Por Tarcyla Fidalgo Em outubro de 2025, como parte da Iniciativa CLT do Sul Global do Centro CLT, a l\u00edder do projeto Tarcyla Fidalgo visitou Buenos Aires, Argentina, para trocar ideias sobre moradia acess\u00edvel, seguran\u00e7a da posse e propriedade coletiva da terra. A visita se baseou no crescente interesse local\u2026","rel":"","context":"Em &quot;Blogs&quot;","block_context":{"text":"Blogs","link":"https:\/\/www.cltweb.org\/pt-br\/category\/blogs-pt-br\/"},"img":{"alt_text":"Tarcyla Fidalgo participates in a seminar at the Public Defender's Office in Buenos Aires, Argentina.","src":"https:\/\/i0.wp.com\/www.cltweb.org\/wp-content\/uploads\/2025\/10\/image-edited.jpeg?resize=350%2C200&ssl=1","width":350,"height":200,"srcset":"https:\/\/i0.wp.com\/www.cltweb.org\/wp-content\/uploads\/2025\/10\/image-edited.jpeg?resize=350%2C200&ssl=1 1x, https:\/\/i0.wp.com\/www.cltweb.org\/wp-content\/uploads\/2025\/10\/image-edited.jpeg?resize=525%2C300&ssl=1 1.5x, https:\/\/i0.wp.com\/www.cltweb.org\/wp-content\/uploads\/2025\/10\/image-edited.jpeg?resize=700%2C400&ssl=1 2x"},"classes":[]},{"id":6591,"url":"https:\/\/www.cltweb.org\/pt-br\/2022\/10\/11\/pathways-to-tenant-and-community-control-caminhos-para-o-controle-do-locatario-e-da-comunidade-estrategias-de-financiamento-para-fundos-fiduciarios-comunitarios\/","url_meta":{"origin":7246,"position":1},"title":"Pathways to Tenant and Community Control (Caminhos para o controle do locat\u00e1rio e da comunidade): Estrat\u00e9gias de financiamento para fundos fiduci\u00e1rios comunit\u00e1rios","author":"cltredesign_0jp0l4","date":"11 de outubro de 2022","format":false,"excerpt":"Junte-se ao LISC Institute for Community Power, ao LISC Bay Area, ao Oakland Community Land Trust e ao San Francisco Community Land Trust para uma conversa sobre como construir poder e garantir recursos para expandir o controle de moradias pelos inquilinos e pela comunidade!","rel":"","context":"Em &quot;N\u00e3o categorizado&quot;","block_context":{"text":"N\u00e3o categorizado","link":"https:\/\/www.cltweb.org\/pt-br\/category\/nao-categorizado\/"},"img":{"alt_text":"Logotipo da LISC","src":"https:\/\/i0.wp.com\/www.cltweb.org\/wp-content\/uploads\/2022\/10\/logo-e1665785584656.png?resize=350%2C200&ssl=1","width":350,"height":200},"classes":[]},{"id":10665,"url":"https:\/\/www.cltweb.org\/pt-br\/2025\/11\/17\/clts-e-acao-climatica-um-movimento-crescente-para-uma-transicao-justa\/","url_meta":{"origin":7246,"position":2},"title":"CLTs e a\u00e7\u00e3o clim\u00e1tica: Um movimento crescente para uma transi\u00e7\u00e3o justa","author":"Ben Harris","date":"17 de novembro de 2025","format":false,"excerpt":"Esta hist\u00f3ria faz parte de nossa campanha de fim de ano que celebra como o Centro CLT est\u00e1 trabalhando para atender ao movimento global de CLT. Nesta semana, estamos destacando : A Iniciativa de Justi\u00e7a Clim\u00e1tica A emerg\u00eancia clim\u00e1tica n\u00e3o \u00e9 mais uma amea\u00e7a distante: ela est\u00e1 aqui, remodelando onde\u2026","rel":"","context":"Em &quot;Iniciativa de Justi\u00e7a Clim\u00e1tica&quot;","block_context":{"text":"Iniciativa de Justi\u00e7a Clim\u00e1tica","link":"https:\/\/www.cltweb.org\/pt-br\/category\/iniciativa-de-justica-climatica\/"},"img":{"alt_text":"","src":"https:\/\/i0.wp.com\/www.cltweb.org\/wp-content\/uploads\/2025\/11\/Land-for-People-Not-for-Profit-Banner.gif?resize=350%2C200&ssl=1","width":350,"height":200,"srcset":"https:\/\/i0.wp.com\/www.cltweb.org\/wp-content\/uploads\/2025\/11\/Land-for-People-Not-for-Profit-Banner.gif?resize=350%2C200&ssl=1 1x, https:\/\/i0.wp.com\/www.cltweb.org\/wp-content\/uploads\/2025\/11\/Land-for-People-Not-for-Profit-Banner.gif?resize=525%2C300&ssl=1 1.5x, https:\/\/i0.wp.com\/www.cltweb.org\/wp-content\/uploads\/2025\/11\/Land-for-People-Not-for-Profit-Banner.gif?resize=700%2C400&ssl=1 2x, https:\/\/i0.wp.com\/www.cltweb.org\/wp-content\/uploads\/2025\/11\/Land-for-People-Not-for-Profit-Banner.gif?resize=1050%2C600&ssl=1 3x, https:\/\/i0.wp.com\/www.cltweb.org\/wp-content\/uploads\/2025\/11\/Land-for-People-Not-for-Profit-Banner.gif?resize=1400%2C800&ssl=1 4x"},"classes":[]},{"id":7687,"url":"https:\/\/www.cltweb.org\/pt-br\/2024\/11\/11\/introducao-ao-poder-e-a-lideranca-dos-jovens-na-pratica-do-community-land-trust\/","url_meta":{"origin":7246,"position":3},"title":"Introdu\u00e7\u00e3o ao poder e \u00e0 lideran\u00e7a dos jovens na pr\u00e1tica do Community Land Trust","author":"Ben Harris","date":"11 de novembro de 2024","format":false,"excerpt":"Por Richard Kruger Delgado A contribui\u00e7\u00e3o a seguir foi escrita por Richard Kruger Delgado, gerente de educa\u00e7\u00e3o e divulga\u00e7\u00e3o do International Center for Community Land Trusts, como contribui\u00e7\u00e3o para o pr\u00f3ximo webinar sobre \"Stewarding the Future: Poder e lideran\u00e7a dos jovens na pr\u00e1tica do Community Land Trust\", em 4 de\u2026","rel":"","context":"Em &quot;Blogs&quot;","block_context":{"text":"Blogs","link":"https:\/\/www.cltweb.org\/pt-br\/category\/blogs-pt-br\/"},"img":{"alt_text":"","src":"https:\/\/i0.wp.com\/www.cltweb.org\/wp-content\/uploads\/2024\/11\/Screenshot-2024-11-11-at-5.46.26%E2%80%AFPM.png?resize=350%2C200&ssl=1","width":350,"height":200,"srcset":"https:\/\/i0.wp.com\/www.cltweb.org\/wp-content\/uploads\/2024\/11\/Screenshot-2024-11-11-at-5.46.26%E2%80%AFPM.png?resize=350%2C200&ssl=1 1x, https:\/\/i0.wp.com\/www.cltweb.org\/wp-content\/uploads\/2024\/11\/Screenshot-2024-11-11-at-5.46.26%E2%80%AFPM.png?resize=525%2C300&ssl=1 1.5x, https:\/\/i0.wp.com\/www.cltweb.org\/wp-content\/uploads\/2024\/11\/Screenshot-2024-11-11-at-5.46.26%E2%80%AFPM.png?resize=700%2C400&ssl=1 2x"},"classes":[]},{"id":6573,"url":"https:\/\/www.cltweb.org\/pt-br\/2024\/08\/22\/usando-clts-para-fornecer-renovacao-de-energia-e-acessibilidade-permanente-a-moradias-existentes\/","url_meta":{"origin":7246,"position":4},"title":"Usando CLTs para fornecer renova\u00e7\u00e3o de energia e acessibilidade permanente a moradias existentes","author":"Ben Harris","date":"22 de agosto de 2024","format":false,"excerpt":"Junte-se a n\u00f3s no dia 25 de setembro de 2024 para um webinar sobre como os CLTs podem ser usados para oferecer renova\u00e7\u00e3o de energia e acessibilidade permanente \u00e0s moradias existentes. Voc\u00ea ouvir\u00e1 os principais profissionais de CLT que lideram abordagens inovadoras para a renova\u00e7\u00e3o de energia em moradias existentes,\u2026","rel":"","context":"Em &quot;N\u00e3o categorizado&quot;","block_context":{"text":"N\u00e3o categorizado","link":"https:\/\/www.cltweb.org\/pt-br\/category\/nao-categorizado\/"},"img":{"alt_text":"Jeanne Mosseray","src":"https:\/\/i0.wp.com\/www.cltweb.org\/wp-content\/uploads\/2024\/08\/jeanne_mosseray-254x300.jpg?resize=350%2C200&ssl=1","width":350,"height":200},"classes":[]},{"id":6595,"url":"https:\/\/www.cltweb.org\/pt-br\/2022\/10\/11\/evento-no-clt-center-lancamento-do-livro-community-matters\/","url_meta":{"origin":7246,"position":5},"title":"EVENTO NO CLT CENTER: Lan\u00e7amento do livro Community Matters","author":"cltredesign_0jp0l4","date":"11 de outubro de 2022","format":false,"excerpt":"Junte-se a n\u00f3s para comemorar a publica\u00e7\u00e3o do mais recente livro da Terra Nostra Press, Community Matters. Este webinar reunir\u00e1 profissionais de CLT de Boston, Bruxelas, Londres, Houston e San Juan, cujas perspectivas sobre organiza\u00e7\u00e3o comunit\u00e1ria e envolvimento dos residentes s\u00e3o apresentadas no livro.","rel":"","context":"Em &quot;N\u00e3o categorizado&quot;","block_context":{"text":"N\u00e3o categorizado","link":"https:\/\/www.cltweb.org\/pt-br\/category\/nao-categorizado\/"},"img":{"alt_text":"Capa do livro Community Matters","src":"https:\/\/i0.wp.com\/www.cltweb.org\/wp-content\/uploads\/2022\/09\/Community-Matters-final-book-cover-062822-683x1024.jpeg?resize=350%2C200&ssl=1","width":350,"height":200},"classes":[]}],"_links":{"self":[{"href":"https:\/\/www.cltweb.org\/pt-br\/wp-json\/wp\/v2\/posts\/7246","targetHints":{"allow":["GET"]}}],"collection":[{"href":"https:\/\/www.cltweb.org\/pt-br\/wp-json\/wp\/v2\/posts"}],"about":[{"href":"https:\/\/www.cltweb.org\/pt-br\/wp-json\/wp\/v2\/types\/post"}],"author":[{"embeddable":true,"href":"https:\/\/www.cltweb.org\/pt-br\/wp-json\/wp\/v2\/users\/1"}],"replies":[{"embeddable":true,"href":"https:\/\/www.cltweb.org\/pt-br\/wp-json\/wp\/v2\/comments?post=7246"}],"version-history":[{"count":1,"href":"https:\/\/www.cltweb.org\/pt-br\/wp-json\/wp\/v2\/posts\/7246\/revisions"}],"predecessor-version":[{"id":7247,"href":"https:\/\/www.cltweb.org\/pt-br\/wp-json\/wp\/v2\/posts\/7246\/revisions\/7247"}],"wp:attachment":[{"href":"https:\/\/www.cltweb.org\/pt-br\/wp-json\/wp\/v2\/media?parent=7246"}],"wp:term":[{"taxonomy":"category","embeddable":true,"href":"https:\/\/www.cltweb.org\/pt-br\/wp-json\/wp\/v2\/categories?post=7246"},{"taxonomy":"post_tag","embeddable":true,"href":"https:\/\/www.cltweb.org\/pt-br\/wp-json\/wp\/v2\/tags?post=7246"}],"curies":[{"name":"wp","href":"https:\/\/api.w.org\/{rel}","templated":true}]}}