{"id":7880,"date":"2024-11-22T10:04:32","date_gmt":"2024-11-22T10:04:32","guid":{"rendered":"https:\/\/www.cltweb.org\/2024\/11\/22\/uma-jornada-pessoal-rumo-a-equidade-e-justica-habitacional\/"},"modified":"2024-11-24T19:44:09","modified_gmt":"2024-11-24T19:44:09","slug":"uma-jornada-pessoal-rumo-a-equidade-e-justica-habitacional","status":"publish","type":"post","link":"https:\/\/www.cltweb.org\/pt-br\/2024\/11\/22\/uma-jornada-pessoal-rumo-a-equidade-e-justica-habitacional\/","title":{"rendered":"Uma jornada pessoal rumo \u00e0 equidade e justi\u00e7a habitacional"},"content":{"rendered":"\n<p><em><strong><em>A contribui\u00e7\u00e3o a seguir foi escrita por Ashley Allen, diretora executiva do <a href=\"https:\/\/www.houstonclt.org\/\" target=\"_blank\" rel=\"noreferrer noopener\">Houston Community Land Trust<\/a>, como uma contribui\u00e7\u00e3o para o pr\u00f3ximo webinar sobre &#8220;<\/em><a href=\"https:\/\/us06web.zoom.us\/webinar\/register\/WN_a7sfnvrVRxOUp6GuIeRrzQ#\/registration\" target=\"_blank\" rel=\"noreferrer noopener\"><strong><em>Administrando o futuro: Poder e lideran\u00e7a dos jovens na pr\u00e1tica do Community Land Trust<\/em><\/strong><\/a><em>&#8221; em 4 de dezembro.<\/em><\/strong><\/em><\/p>\n\n<figure class=\"wp-block-image alignright size-large is-resized\"><img loading=\"lazy\" decoding=\"async\" width=\"1024\" height=\"576\" src=\"https:\/\/www.cltweb.org\/wp-content\/uploads\/2024\/11\/20160229_105905-2-1024x576.jpg\" alt=\"\" class=\"wp-image-7861\" style=\"width:407px;height:auto\" srcset=\"https:\/\/www.cltweb.org\/wp-content\/uploads\/2024\/11\/20160229_105905-2-1024x576.jpg 1024w, https:\/\/www.cltweb.org\/wp-content\/uploads\/2024\/11\/20160229_105905-2-300x169.jpg 300w, https:\/\/www.cltweb.org\/wp-content\/uploads\/2024\/11\/20160229_105905-2-768x432.jpg 768w, https:\/\/www.cltweb.org\/wp-content\/uploads\/2024\/11\/20160229_105905-2-1536x864.jpg 1536w, https:\/\/www.cltweb.org\/wp-content\/uploads\/2024\/11\/20160229_105905-2-2048x1152.jpg 2048w\" sizes=\"auto, (max-width: 1024px) 100vw, 1024px\" \/><figcaption class=\"wp-element-caption\">Ashley aos 10 anos de idade, tirada no segundo abrigo em que viveu<\/figcaption><\/figure>\n\n<p>Em 1993, minha fam\u00edlia ficou sem teto. Lembro-me de nossas primeiras noites no Abrigo do Ex\u00e9rcito da Salva\u00e7\u00e3o. Eu tinha nove ou dez anos de idade e me lembro de dormir na cama de cima de um beliche de metal que eu dividia com minha irm\u00e3 de quatro anos, enquanto minha m\u00e3e e meu irm\u00e3o rec\u00e9m-nascido dividiam o beliche de baixo. Quando olhei em volta, havia quase cem mulheres e crian\u00e7as em uma sala grande, todas nesses beliches, alinhadas em fileiras. Todas n\u00f3s t\u00ednhamos origens e circunst\u00e2ncias diferentes, mas todas est\u00e1vamos sem moradia. Mudamos para outro abrigo alguns meses depois, onde minha fam\u00edlia dividia um quarto com quatro camas, uma para cada um de n\u00f3s. Minha fam\u00edlia lutou contra a falta de moradia por mais de 20 anos, apesar de minha m\u00e3e ter trabalhado constantemente durante a maior parte desse tempo. N\u00e3o importava o quanto minha m\u00e3e trabalhasse, o custo da moradia superava sua renda, e isso foi na d\u00e9cada de 90 e no in\u00edcio dos anos 2000. Quando volto para a Carolina do Norte, a maioria das antigas casas que t\u00ednhamos, sendo uma delas um trailer em uma pequena colina de argila vermelha e com poucas manchas de grama, n\u00e3o existe mais. No local onde ficava o trailer, agora h\u00e1 casas avaliadas em US$ 900.000. Eles at\u00e9 mudaram o nome da rua de Firth Court para Tippah Park Court, s\u00f3 para garantir que os vest\u00edgios do que havia ali fossem completamente apagados.          <\/p>\n\n<p>Durante toda a minha juventude, de 1993 a 2004, eu estava lutando pela sobreviv\u00eancia. Junto com minha fam\u00edlia, lutei o que parecia ser uma batalha intermin\u00e1vel pela inseguran\u00e7a de moradia. A experi\u00eancia foi uma fonte de dor e, sinceramente, em alguns dias ainda \u00e9. Conto essa hist\u00f3ria n\u00e3o como uma hist\u00f3ria triste sobre minha vida, mas como um exemplo do que est\u00e1 acontecendo em cidades e vilas do mundo todo, onde as pessoas n\u00e3o est\u00e3o perdendo apenas suas casas, mas suas comunidades. Essa experi\u00eancia quando jovem foi o catalisador do trabalho que fiz e continuo fazendo. Quero garantir que menos pessoas passem pelo que eu e minha fam\u00edlia passamos e, se por acaso elas se encontrarem em uma situa\u00e7\u00e3o semelhante, possam sair do outro lado com um lugar confort\u00e1vel para chamar de lar. Em 2008, tornei-me um organizador comunit\u00e1rio da Chicago Coalition for the Homeless, hoje <a href=\"https:\/\/chicagohomeless.org\/\">Chicago Coalition to end Homelessness<\/a>. Tornar-me uma organizadora deu voz \u00e0 jovem Ashley, transformou minha vergonha e dor em paix\u00e3o e prop\u00f3sito. N\u00e3o me concentrei tanto no que aconteceu comigo, mas em por que isso aconteceu e por que continuava acontecendo com outras pessoas.       <\/p>\n\n<figure class=\"wp-block-image alignleft size-large is-resized\"><img loading=\"lazy\" decoding=\"async\" width=\"1024\" height=\"674\" src=\"https:\/\/www.cltweb.org\/wp-content\/uploads\/2024\/11\/Screenshot_2015-11-18-21-46-57-1-1024x674.png\" alt=\"\" class=\"wp-image-7845\" style=\"width:393px;height:auto\" srcset=\"https:\/\/www.cltweb.org\/wp-content\/uploads\/2024\/11\/Screenshot_2015-11-18-21-46-57-1-1024x674.png 1024w, https:\/\/www.cltweb.org\/wp-content\/uploads\/2024\/11\/Screenshot_2015-11-18-21-46-57-1-300x198.png 300w, https:\/\/www.cltweb.org\/wp-content\/uploads\/2024\/11\/Screenshot_2015-11-18-21-46-57-1-768x506.png 768w, https:\/\/www.cltweb.org\/wp-content\/uploads\/2024\/11\/Screenshot_2015-11-18-21-46-57-1.png 1440w\" sizes=\"auto, (max-width: 1024px) 100vw, 1024px\" \/><figcaption class=\"wp-element-caption\">Ashley como organizadora em Chicago<\/figcaption><\/figure>\n\n<p>\u00c0 medida que fui aprendendo mais sobre pol\u00edtica habitacional, financiamento habitacional e desenvolvimento habitacional, ficou claro que a quest\u00e3o da moradia n\u00e3o era mais simplesmente um lugar para chamar de lar ou um direito humano. A prioridade para a moradia agora \u00e9 fazer algu\u00e9m ganhar dinheiro, seja um indiv\u00edduo, um desenvolvedor ou um munic\u00edpio. A moradia \u00e9 fundamental para melhorar a sa\u00fade f\u00edsica e mental. Moradias seguras e de qualidade resultam em maior aproveitamento e realiza\u00e7\u00e3o educacional, moradias est\u00e1veis criam comunidades est\u00e1veis e uma for\u00e7a de trabalho est\u00e1vel para manter nossa economia funcionando. A moradia \u00e9 muito mais do que o retorno financeiro dos investimentos. A moradia, ou melhor ainda, uma casa, \u00e9 um investimento no bem-estar de uma pessoa e de uma comunidade.     <\/p>\n\n<p>Tentar criar uma mudan\u00e7a sist\u00eamica \u00e9 um caminho dif\u00edcil de percorrer, especialmente quando parece que voc\u00ea est\u00e1 caminhando sozinho. Trabalhar com os organizadores em Chicago e com os defensores e organizadores da CLT em todo o mundo me fez saber que n\u00e3o estou caminhando sozinho e me ajudou a continuar o trabalho daqueles que me apoiam. N\u00e3o posso mudar meu passado, mas posso trabalhar com outras pessoas para cuidar do futuro e apoiar os jovens a continuar na luta por mudan\u00e7as em nome da jovem Ashley e de outras pessoas como ela.  <\/p>\n\n<figure class=\"wp-block-image aligncenter size-large is-resized\"><img loading=\"lazy\" decoding=\"async\" width=\"1024\" height=\"568\" src=\"https:\/\/www.cltweb.org\/wp-content\/uploads\/2024\/11\/HCLT-2nd-Annual-Membership-Meeting-1024x568.jpg\" alt=\"\" class=\"wp-image-7849\" style=\"width:730px;height:auto\" srcset=\"https:\/\/www.cltweb.org\/wp-content\/uploads\/2024\/11\/HCLT-2nd-Annual-Membership-Meeting-1024x568.jpg 1024w, https:\/\/www.cltweb.org\/wp-content\/uploads\/2024\/11\/HCLT-2nd-Annual-Membership-Meeting-300x166.jpg 300w, https:\/\/www.cltweb.org\/wp-content\/uploads\/2024\/11\/HCLT-2nd-Annual-Membership-Meeting-768x426.jpg 768w, https:\/\/www.cltweb.org\/wp-content\/uploads\/2024\/11\/HCLT-2nd-Annual-Membership-Meeting-1536x852.jpg 1536w, https:\/\/www.cltweb.org\/wp-content\/uploads\/2024\/11\/HCLT-2nd-Annual-Membership-Meeting-2048x1136.jpg 2048w\" sizes=\"auto, (max-width: 1024px) 100vw, 1024px\" \/><figcaption class=\"wp-element-caption\">Foto tirada na segunda reuni\u00e3o anual de membros do Houston CLT<\/figcaption><\/figure>\n\n<h4 class=\"wp-block-heading\" id=\"h-bio\">Biografia<\/h4>\n\n<figure class=\"wp-block-image alignright size-full is-resized\"><img decoding=\"async\" src=\"https:\/\/www.cltweb.org\/wp-content\/uploads\/2024\/11\/IMG_20220516_215853_441-2.jpg\" alt=\"\" class=\"wp-image-7865\" style=\"width:264px;height:auto\"\/><\/figure>\n\n<p>Ashley Allen atua como diretora executiva do Houston Community Land Trust. Ela traz para a fun\u00e7\u00e3o lideran\u00e7a sem fins lucrativos e experi\u00eancia em desenvolvimento de programas nas \u00e1reas de educa\u00e7\u00e3o, S.T.E.M., desenvolvimento da for\u00e7a de trabalho e moradia econ\u00f4mica. Como organizadora comunit\u00e1ria h\u00e1 mais de 10 anos, ela ajudou a desenvolver e conduzir campanhas para melhorar os servi\u00e7os para os sem-teto, a pol\u00edtica de moradia acess\u00edvel e a educa\u00e7\u00e3o em Chicago, IL. Ashley atuou como consultora na Barack Obama Foundation, onde foi respons\u00e1vel pelo planejamento e implementa\u00e7\u00e3o da iniciativa da funda\u00e7\u00e3o para desenvolver a pr\u00f3xima gera\u00e7\u00e3o de organizadores e defensores da comunidade. A experi\u00eancia de Ashley como jovem sem-teto foi o que despertou sua paix\u00e3o por ajudar a aumentar o acesso \u00e0 moradia e a acessibilidade econ\u00f4mica para aqueles que mais precisam. Ela faz parte da diretoria da Coalition for the Homeless of Houston\/Harris County e \u00e9 membro do Houston Alumnae Chapter da Delta Sigma Theta, Sorority, Inc. Ashley \u00e9 bacharel em Ci\u00eancia de Alimentos pela Florida A&amp;M University, mestre em Administra\u00e7\u00e3o de Empresas pela Governors State University e doutora em Pol\u00edtica Cultural e Educacional com especializa\u00e7\u00e3o em Sociologia pela Loyola University Chicago.      <\/p>\n","protected":false},"excerpt":{"rendered":"<p>A contribui\u00e7\u00e3o a seguir foi escrita por Ashley Allen, diretora executiva do Houston Community Land Trust, como uma contribui\u00e7\u00e3o para o pr\u00f3ximo webinar sobre &#8220;Administrando o futuro: Poder e lideran\u00e7a [&hellip;]<\/p>\n","protected":false},"author":2,"featured_media":7875,"comment_status":"closed","ping_status":"open","sticky":false,"template":"","format":"standard","meta":{"give_campaign_id":0,"_tec_requires_first_save":true,"_kad_blocks_custom_css":"","_kad_blocks_head_custom_js":"","_kad_blocks_body_custom_js":"","_kad_blocks_footer_custom_js":"","_EventAllDay":false,"_EventTimezone":"","_EventStartDate":"","_EventEndDate":"","_EventStartDateUTC":"","_EventEndDateUTC":"","_EventShowMap":false,"_EventShowMapLink":false,"_EventURL":"","_EventCost":"","_EventCostDescription":"","_EventCurrencySymbol":"","_EventCurrencyCode":"","_EventCurrencyPosition":"","_EventDateTimeSeparator":"","_EventTimeRangeSeparator":"","_EventOrganizerID":[],"_EventVenueID":[],"_OrganizerEmail":"","_OrganizerPhone":"","_OrganizerWebsite":"","_VenueAddress":"","_VenueCity":"","_VenueCountry":"","_VenueProvince":"","_VenueState":"","_VenueZip":"","_VenuePhone":"","_VenueURL":"","_VenueStateProvince":"","_VenueLat":"","_VenueLng":"","_VenueShowMap":false,"_VenueShowMapLink":false,"_tribe_blocks_recurrence_rules":"","_tribe_blocks_recurrence_description":"","_tribe_blocks_recurrence_exclusions":"","_jetpack_memberships_contains_paid_content":false,"footnotes":""},"categories":[291],"tags":[314,313,297],"class_list":["post-7880","post","type-post","status-publish","format-standard","has-post-thumbnail","hentry","category-blogs-pt-br","tag-alojamento","tag-justica","tag-juventude"],"blocksy_meta":[],"yoast_head":"<!-- This site is optimized with the Yoast SEO Premium plugin v27.5 (Yoast SEO v27.5) - https:\/\/yoast.com\/product\/yoast-seo-premium-wordpress\/ -->\n<title>Uma jornada pessoal rumo \u00e0 equidade e justi\u00e7a habitacional - International Center for Community Land Trusts<\/title>\n<meta name=\"description\" content=\"Leia sobre a jornada pessoal de Ashley Allen de resili\u00eancia, defesa e luta por justi\u00e7a habitacional e capacita\u00e7\u00e3o da comunidade.\" \/>\n<meta name=\"robots\" content=\"index, follow, max-snippet:-1, max-image-preview:large, max-video-preview:-1\" \/>\n<link rel=\"canonical\" href=\"https:\/\/www.cltweb.org\/pt-br\/2024\/11\/22\/uma-jornada-pessoal-rumo-a-equidade-e-justica-habitacional\/\" \/>\n<meta property=\"og:locale\" content=\"pt_BR\" \/>\n<meta property=\"og:type\" content=\"article\" \/>\n<meta property=\"og:title\" content=\"Uma jornada pessoal rumo \u00e0 equidade e justi\u00e7a habitacional\" \/>\n<meta property=\"og:description\" content=\"Leia sobre a jornada pessoal de Ashley Allen de resili\u00eancia, defesa e luta por justi\u00e7a habitacional e capacita\u00e7\u00e3o da comunidade.\" \/>\n<meta property=\"og:url\" content=\"https:\/\/www.cltweb.org\/pt-br\/2024\/11\/22\/uma-jornada-pessoal-rumo-a-equidade-e-justica-habitacional\/\" \/>\n<meta property=\"og:site_name\" content=\"International Center for Community Land Trusts\" \/>\n<meta property=\"article:publisher\" content=\"https:\/\/www.facebook.com\/cltcenter\" \/>\n<meta property=\"article:published_time\" content=\"2024-11-22T10:04:32+00:00\" \/>\n<meta property=\"article:modified_time\" content=\"2024-11-24T19:44:09+00:00\" \/>\n<meta property=\"og:image\" content=\"https:\/\/www.cltweb.org\/wp-content\/uploads\/2024\/11\/Screenshot_2015-11-18-21-46-57-1-1-1024x674.png\" \/>\n<meta name=\"author\" content=\"Ben Harris\" \/>\n<meta name=\"twitter:card\" content=\"summary_large_image\" \/>\n<meta name=\"twitter:creator\" content=\"@Center4CLTs\" \/>\n<meta name=\"twitter:site\" content=\"@Center4CLTs\" \/>\n<meta name=\"twitter:label1\" content=\"Escrito por\" \/>\n\t<meta name=\"twitter:data1\" content=\"Ben Harris\" \/>\n\t<meta name=\"twitter:label2\" content=\"Est. tempo de leitura\" \/>\n\t<meta name=\"twitter:data2\" content=\"5 minutos\" \/>\n<script type=\"application\/ld+json\" class=\"yoast-schema-graph\">{\"@context\":\"https:\\\/\\\/schema.org\",\"@graph\":[{\"@type\":\"Article\",\"@id\":\"https:\\\/\\\/www.cltweb.org\\\/pt-br\\\/2024\\\/11\\\/22\\\/uma-jornada-pessoal-rumo-a-equidade-e-justica-habitacional\\\/#article\",\"isPartOf\":{\"@id\":\"https:\\\/\\\/www.cltweb.org\\\/pt-br\\\/2024\\\/11\\\/22\\\/uma-jornada-pessoal-rumo-a-equidade-e-justica-habitacional\\\/\"},\"author\":{\"name\":\"Ben Harris\",\"@id\":\"https:\\\/\\\/www.cltweb.org\\\/pt-br\\\/#\\\/schema\\\/person\\\/7c9fe56cc945e4b57585dbfe30f2ead4\"},\"headline\":\"Uma jornada pessoal rumo \u00e0 equidade e justi\u00e7a habitacional\",\"datePublished\":\"2024-11-22T10:04:32+00:00\",\"dateModified\":\"2024-11-24T19:44:09+00:00\",\"mainEntityOfPage\":{\"@id\":\"https:\\\/\\\/www.cltweb.org\\\/pt-br\\\/2024\\\/11\\\/22\\\/uma-jornada-pessoal-rumo-a-equidade-e-justica-habitacional\\\/\"},\"wordCount\":995,\"publisher\":{\"@id\":\"https:\\\/\\\/www.cltweb.org\\\/pt-br\\\/#organization\"},\"image\":{\"@id\":\"https:\\\/\\\/www.cltweb.org\\\/pt-br\\\/2024\\\/11\\\/22\\\/uma-jornada-pessoal-rumo-a-equidade-e-justica-habitacional\\\/#primaryimage\"},\"thumbnailUrl\":\"https:\\\/\\\/www.cltweb.org\\\/wp-content\\\/uploads\\\/2024\\\/11\\\/Screenshot_2015-11-18-21-46-57-1-1.png\",\"keywords\":[\"alojamento\",\"justi\u00e7a\",\"juventude\"],\"articleSection\":[\"Blogs\"],\"inLanguage\":\"pt-BR\"},{\"@type\":\"WebPage\",\"@id\":\"https:\\\/\\\/www.cltweb.org\\\/pt-br\\\/2024\\\/11\\\/22\\\/uma-jornada-pessoal-rumo-a-equidade-e-justica-habitacional\\\/\",\"url\":\"https:\\\/\\\/www.cltweb.org\\\/pt-br\\\/2024\\\/11\\\/22\\\/uma-jornada-pessoal-rumo-a-equidade-e-justica-habitacional\\\/\",\"name\":\"Uma jornada pessoal rumo \u00e0 equidade e justi\u00e7a habitacional - International Center for Community Land Trusts\",\"isPartOf\":{\"@id\":\"https:\\\/\\\/www.cltweb.org\\\/pt-br\\\/#website\"},\"primaryImageOfPage\":{\"@id\":\"https:\\\/\\\/www.cltweb.org\\\/pt-br\\\/2024\\\/11\\\/22\\\/uma-jornada-pessoal-rumo-a-equidade-e-justica-habitacional\\\/#primaryimage\"},\"image\":{\"@id\":\"https:\\\/\\\/www.cltweb.org\\\/pt-br\\\/2024\\\/11\\\/22\\\/uma-jornada-pessoal-rumo-a-equidade-e-justica-habitacional\\\/#primaryimage\"},\"thumbnailUrl\":\"https:\\\/\\\/www.cltweb.org\\\/wp-content\\\/uploads\\\/2024\\\/11\\\/Screenshot_2015-11-18-21-46-57-1-1.png\",\"datePublished\":\"2024-11-22T10:04:32+00:00\",\"dateModified\":\"2024-11-24T19:44:09+00:00\",\"description\":\"Leia sobre a jornada pessoal de Ashley Allen de resili\u00eancia, defesa e luta por justi\u00e7a habitacional e capacita\u00e7\u00e3o da comunidade.\",\"breadcrumb\":{\"@id\":\"https:\\\/\\\/www.cltweb.org\\\/pt-br\\\/2024\\\/11\\\/22\\\/uma-jornada-pessoal-rumo-a-equidade-e-justica-habitacional\\\/#breadcrumb\"},\"inLanguage\":\"pt-BR\",\"potentialAction\":[{\"@type\":\"ReadAction\",\"target\":[\"https:\\\/\\\/www.cltweb.org\\\/pt-br\\\/2024\\\/11\\\/22\\\/uma-jornada-pessoal-rumo-a-equidade-e-justica-habitacional\\\/\"]}]},{\"@type\":\"ImageObject\",\"inLanguage\":\"pt-BR\",\"@id\":\"https:\\\/\\\/www.cltweb.org\\\/pt-br\\\/2024\\\/11\\\/22\\\/uma-jornada-pessoal-rumo-a-equidade-e-justica-habitacional\\\/#primaryimage\",\"url\":\"https:\\\/\\\/www.cltweb.org\\\/wp-content\\\/uploads\\\/2024\\\/11\\\/Screenshot_2015-11-18-21-46-57-1-1.png\",\"contentUrl\":\"https:\\\/\\\/www.cltweb.org\\\/wp-content\\\/uploads\\\/2024\\\/11\\\/Screenshot_2015-11-18-21-46-57-1-1.png\",\"width\":1440,\"height\":948},{\"@type\":\"BreadcrumbList\",\"@id\":\"https:\\\/\\\/www.cltweb.org\\\/pt-br\\\/2024\\\/11\\\/22\\\/uma-jornada-pessoal-rumo-a-equidade-e-justica-habitacional\\\/#breadcrumb\",\"itemListElement\":[{\"@type\":\"ListItem\",\"position\":1,\"name\":\"Home\",\"item\":\"https:\\\/\\\/www.cltweb.org\\\/pt-br\\\/\"},{\"@type\":\"ListItem\",\"position\":2,\"name\":\"Uma jornada pessoal rumo \u00e0 equidade e justi\u00e7a habitacional\"}]},{\"@type\":\"WebSite\",\"@id\":\"https:\\\/\\\/www.cltweb.org\\\/pt-br\\\/#website\",\"url\":\"https:\\\/\\\/www.cltweb.org\\\/pt-br\\\/\",\"name\":\"International Center for Community Land Trusts\",\"description\":\"\",\"publisher\":{\"@id\":\"https:\\\/\\\/www.cltweb.org\\\/pt-br\\\/#organization\"},\"potentialAction\":[{\"@type\":\"SearchAction\",\"target\":{\"@type\":\"EntryPoint\",\"urlTemplate\":\"https:\\\/\\\/www.cltweb.org\\\/pt-br\\\/?s={search_term_string}\"},\"query-input\":{\"@type\":\"PropertyValueSpecification\",\"valueRequired\":true,\"valueName\":\"search_term_string\"}}],\"inLanguage\":\"pt-BR\"},{\"@type\":\"Organization\",\"@id\":\"https:\\\/\\\/www.cltweb.org\\\/pt-br\\\/#organization\",\"name\":\"International Center for Community Land Trusts\",\"url\":\"https:\\\/\\\/www.cltweb.org\\\/pt-br\\\/\",\"logo\":{\"@type\":\"ImageObject\",\"inLanguage\":\"pt-BR\",\"@id\":\"https:\\\/\\\/www.cltweb.org\\\/pt-br\\\/#\\\/schema\\\/logo\\\/image\\\/\",\"url\":\"https:\\\/\\\/www.cltweb.org\\\/wp-content\\\/uploads\\\/2024\\\/11\\\/New-CLT-Center-Text-logo.png\",\"contentUrl\":\"https:\\\/\\\/www.cltweb.org\\\/wp-content\\\/uploads\\\/2024\\\/11\\\/New-CLT-Center-Text-logo.png\",\"width\":227,\"height\":80,\"caption\":\"International Center for Community Land Trusts\"},\"image\":{\"@id\":\"https:\\\/\\\/www.cltweb.org\\\/pt-br\\\/#\\\/schema\\\/logo\\\/image\\\/\"},\"sameAs\":[\"https:\\\/\\\/www.facebook.com\\\/cltcenter\",\"https:\\\/\\\/x.com\\\/Center4CLTs\",\"https:\\\/\\\/www.instagram.com\\\/cltcenter\\\/\",\"https:\\\/\\\/www.linkedin.com\\\/company\\\/cltcenter\",\"https:\\\/\\\/www.youtube.com\\\/@centerforcltinnovation5313\"],\"description\":\"The International Center for Community Land Trusts is a not-for-profit nongovernmental organization established in 2018 to promote and to support community land trusts and similar strategies of community-led development on community-owned land in countries throughout the world.\",\"email\":\"info@communitylandtrust.net\",\"legalName\":\"International Center for Community Land Trusts\",\"foundingDate\":\"2018-12-01\",\"taxID\":\"84-3858933\",\"numberOfEmployees\":{\"@type\":\"QuantitativeValue\",\"minValue\":\"1\",\"maxValue\":\"10\"}},{\"@type\":\"Person\",\"@id\":\"https:\\\/\\\/www.cltweb.org\\\/pt-br\\\/#\\\/schema\\\/person\\\/7c9fe56cc945e4b57585dbfe30f2ead4\",\"name\":\"Ben Harris\",\"image\":{\"@type\":\"ImageObject\",\"inLanguage\":\"pt-BR\",\"@id\":\"https:\\\/\\\/secure.gravatar.com\\\/avatar\\\/12a44d8988553548c22c57da673ee8ffb7e0b87b0197beec533bae3061a92cc5?s=96&d=mm&r=g\",\"url\":\"https:\\\/\\\/secure.gravatar.com\\\/avatar\\\/12a44d8988553548c22c57da673ee8ffb7e0b87b0197beec533bae3061a92cc5?s=96&d=mm&r=g\",\"contentUrl\":\"https:\\\/\\\/secure.gravatar.com\\\/avatar\\\/12a44d8988553548c22c57da673ee8ffb7e0b87b0197beec533bae3061a92cc5?s=96&d=mm&r=g\",\"caption\":\"Ben Harris\"},\"url\":\"https:\\\/\\\/www.cltweb.org\\\/pt-br\\\/author\\\/ben\\\/\"}]}<\/script>\n<!-- \/ Yoast SEO Premium plugin. -->","yoast_head_json":{"title":"Uma jornada pessoal rumo \u00e0 equidade e justi\u00e7a habitacional - International Center for Community Land Trusts","description":"Leia sobre a jornada pessoal de Ashley Allen de resili\u00eancia, defesa e luta por justi\u00e7a habitacional e capacita\u00e7\u00e3o da comunidade.","robots":{"index":"index","follow":"follow","max-snippet":"max-snippet:-1","max-image-preview":"max-image-preview:large","max-video-preview":"max-video-preview:-1"},"canonical":"https:\/\/www.cltweb.org\/pt-br\/2024\/11\/22\/uma-jornada-pessoal-rumo-a-equidade-e-justica-habitacional\/","og_locale":"pt_BR","og_type":"article","og_title":"Uma jornada pessoal rumo \u00e0 equidade e justi\u00e7a habitacional","og_description":"Leia sobre a jornada pessoal de Ashley Allen de resili\u00eancia, defesa e luta por justi\u00e7a habitacional e capacita\u00e7\u00e3o da comunidade.","og_url":"https:\/\/www.cltweb.org\/pt-br\/2024\/11\/22\/uma-jornada-pessoal-rumo-a-equidade-e-justica-habitacional\/","og_site_name":"International Center for Community Land Trusts","article_publisher":"https:\/\/www.facebook.com\/cltcenter","article_published_time":"2024-11-22T10:04:32+00:00","article_modified_time":"2024-11-24T19:44:09+00:00","og_image":[{"url":"https:\/\/www.cltweb.org\/wp-content\/uploads\/2024\/11\/Screenshot_2015-11-18-21-46-57-1-1-1024x674.png","type":"","width":"","height":""}],"author":"Ben Harris","twitter_card":"summary_large_image","twitter_creator":"@Center4CLTs","twitter_site":"@Center4CLTs","twitter_misc":{"Escrito por":"Ben Harris","Est. tempo de leitura":"5 minutos"},"schema":{"@context":"https:\/\/schema.org","@graph":[{"@type":"Article","@id":"https:\/\/www.cltweb.org\/pt-br\/2024\/11\/22\/uma-jornada-pessoal-rumo-a-equidade-e-justica-habitacional\/#article","isPartOf":{"@id":"https:\/\/www.cltweb.org\/pt-br\/2024\/11\/22\/uma-jornada-pessoal-rumo-a-equidade-e-justica-habitacional\/"},"author":{"name":"Ben Harris","@id":"https:\/\/www.cltweb.org\/pt-br\/#\/schema\/person\/7c9fe56cc945e4b57585dbfe30f2ead4"},"headline":"Uma jornada pessoal rumo \u00e0 equidade e justi\u00e7a habitacional","datePublished":"2024-11-22T10:04:32+00:00","dateModified":"2024-11-24T19:44:09+00:00","mainEntityOfPage":{"@id":"https:\/\/www.cltweb.org\/pt-br\/2024\/11\/22\/uma-jornada-pessoal-rumo-a-equidade-e-justica-habitacional\/"},"wordCount":995,"publisher":{"@id":"https:\/\/www.cltweb.org\/pt-br\/#organization"},"image":{"@id":"https:\/\/www.cltweb.org\/pt-br\/2024\/11\/22\/uma-jornada-pessoal-rumo-a-equidade-e-justica-habitacional\/#primaryimage"},"thumbnailUrl":"https:\/\/www.cltweb.org\/wp-content\/uploads\/2024\/11\/Screenshot_2015-11-18-21-46-57-1-1.png","keywords":["alojamento","justi\u00e7a","juventude"],"articleSection":["Blogs"],"inLanguage":"pt-BR"},{"@type":"WebPage","@id":"https:\/\/www.cltweb.org\/pt-br\/2024\/11\/22\/uma-jornada-pessoal-rumo-a-equidade-e-justica-habitacional\/","url":"https:\/\/www.cltweb.org\/pt-br\/2024\/11\/22\/uma-jornada-pessoal-rumo-a-equidade-e-justica-habitacional\/","name":"Uma jornada pessoal rumo \u00e0 equidade e justi\u00e7a habitacional - International Center for Community Land Trusts","isPartOf":{"@id":"https:\/\/www.cltweb.org\/pt-br\/#website"},"primaryImageOfPage":{"@id":"https:\/\/www.cltweb.org\/pt-br\/2024\/11\/22\/uma-jornada-pessoal-rumo-a-equidade-e-justica-habitacional\/#primaryimage"},"image":{"@id":"https:\/\/www.cltweb.org\/pt-br\/2024\/11\/22\/uma-jornada-pessoal-rumo-a-equidade-e-justica-habitacional\/#primaryimage"},"thumbnailUrl":"https:\/\/www.cltweb.org\/wp-content\/uploads\/2024\/11\/Screenshot_2015-11-18-21-46-57-1-1.png","datePublished":"2024-11-22T10:04:32+00:00","dateModified":"2024-11-24T19:44:09+00:00","description":"Leia sobre a jornada pessoal de Ashley Allen de resili\u00eancia, defesa e luta por justi\u00e7a habitacional e capacita\u00e7\u00e3o da comunidade.","breadcrumb":{"@id":"https:\/\/www.cltweb.org\/pt-br\/2024\/11\/22\/uma-jornada-pessoal-rumo-a-equidade-e-justica-habitacional\/#breadcrumb"},"inLanguage":"pt-BR","potentialAction":[{"@type":"ReadAction","target":["https:\/\/www.cltweb.org\/pt-br\/2024\/11\/22\/uma-jornada-pessoal-rumo-a-equidade-e-justica-habitacional\/"]}]},{"@type":"ImageObject","inLanguage":"pt-BR","@id":"https:\/\/www.cltweb.org\/pt-br\/2024\/11\/22\/uma-jornada-pessoal-rumo-a-equidade-e-justica-habitacional\/#primaryimage","url":"https:\/\/www.cltweb.org\/wp-content\/uploads\/2024\/11\/Screenshot_2015-11-18-21-46-57-1-1.png","contentUrl":"https:\/\/www.cltweb.org\/wp-content\/uploads\/2024\/11\/Screenshot_2015-11-18-21-46-57-1-1.png","width":1440,"height":948},{"@type":"BreadcrumbList","@id":"https:\/\/www.cltweb.org\/pt-br\/2024\/11\/22\/uma-jornada-pessoal-rumo-a-equidade-e-justica-habitacional\/#breadcrumb","itemListElement":[{"@type":"ListItem","position":1,"name":"Home","item":"https:\/\/www.cltweb.org\/pt-br\/"},{"@type":"ListItem","position":2,"name":"Uma jornada pessoal rumo \u00e0 equidade e justi\u00e7a habitacional"}]},{"@type":"WebSite","@id":"https:\/\/www.cltweb.org\/pt-br\/#website","url":"https:\/\/www.cltweb.org\/pt-br\/","name":"International Center for Community Land Trusts","description":"","publisher":{"@id":"https:\/\/www.cltweb.org\/pt-br\/#organization"},"potentialAction":[{"@type":"SearchAction","target":{"@type":"EntryPoint","urlTemplate":"https:\/\/www.cltweb.org\/pt-br\/?s={search_term_string}"},"query-input":{"@type":"PropertyValueSpecification","valueRequired":true,"valueName":"search_term_string"}}],"inLanguage":"pt-BR"},{"@type":"Organization","@id":"https:\/\/www.cltweb.org\/pt-br\/#organization","name":"International Center for Community Land Trusts","url":"https:\/\/www.cltweb.org\/pt-br\/","logo":{"@type":"ImageObject","inLanguage":"pt-BR","@id":"https:\/\/www.cltweb.org\/pt-br\/#\/schema\/logo\/image\/","url":"https:\/\/www.cltweb.org\/wp-content\/uploads\/2024\/11\/New-CLT-Center-Text-logo.png","contentUrl":"https:\/\/www.cltweb.org\/wp-content\/uploads\/2024\/11\/New-CLT-Center-Text-logo.png","width":227,"height":80,"caption":"International Center for Community Land Trusts"},"image":{"@id":"https:\/\/www.cltweb.org\/pt-br\/#\/schema\/logo\/image\/"},"sameAs":["https:\/\/www.facebook.com\/cltcenter","https:\/\/x.com\/Center4CLTs","https:\/\/www.instagram.com\/cltcenter\/","https:\/\/www.linkedin.com\/company\/cltcenter","https:\/\/www.youtube.com\/@centerforcltinnovation5313"],"description":"The International Center for Community Land Trusts is a not-for-profit nongovernmental organization established in 2018 to promote and to support community land trusts and similar strategies of community-led development on community-owned land in countries throughout the world.","email":"info@communitylandtrust.net","legalName":"International Center for Community Land Trusts","foundingDate":"2018-12-01","taxID":"84-3858933","numberOfEmployees":{"@type":"QuantitativeValue","minValue":"1","maxValue":"10"}},{"@type":"Person","@id":"https:\/\/www.cltweb.org\/pt-br\/#\/schema\/person\/7c9fe56cc945e4b57585dbfe30f2ead4","name":"Ben Harris","image":{"@type":"ImageObject","inLanguage":"pt-BR","@id":"https:\/\/secure.gravatar.com\/avatar\/12a44d8988553548c22c57da673ee8ffb7e0b87b0197beec533bae3061a92cc5?s=96&d=mm&r=g","url":"https:\/\/secure.gravatar.com\/avatar\/12a44d8988553548c22c57da673ee8ffb7e0b87b0197beec533bae3061a92cc5?s=96&d=mm&r=g","contentUrl":"https:\/\/secure.gravatar.com\/avatar\/12a44d8988553548c22c57da673ee8ffb7e0b87b0197beec533bae3061a92cc5?s=96&d=mm&r=g","caption":"Ben Harris"},"url":"https:\/\/www.cltweb.org\/pt-br\/author\/ben\/"}]}},"taxonomy_info":{"category":[{"value":291,"label":"Blogs"}],"post_tag":[{"value":314,"label":"alojamento"},{"value":313,"label":"justi\u00e7a"},{"value":297,"label":"juventude"}]},"featured_image_src_large":["https:\/\/www.cltweb.org\/wp-content\/uploads\/2024\/11\/Screenshot_2015-11-18-21-46-57-1-1-1024x674.png",1024,674,true],"author_info":{"display_name":"Ben Harris","author_link":"https:\/\/www.cltweb.org\/pt-br\/author\/ben\/"},"comment_info":0,"category_info":[{"term_id":291,"name":"Blogs","slug":"blogs-pt-br","term_group":0,"term_taxonomy_id":291,"taxonomy":"category","description":"","parent":0,"count":13,"filter":"raw","cat_ID":291,"category_count":13,"category_description":"","cat_name":"Blogs","category_nicename":"blogs-pt-br","category_parent":0}],"tag_info":[{"term_id":314,"name":"alojamento","slug":"alojamento","term_group":0,"term_taxonomy_id":314,"taxonomy":"post_tag","description":"","parent":0,"count":1,"filter":"raw"},{"term_id":313,"name":"justi\u00e7a","slug":"justica","term_group":0,"term_taxonomy_id":313,"taxonomy":"post_tag","description":"","parent":0,"count":1,"filter":"raw"},{"term_id":297,"name":"juventude","slug":"juventude","term_group":0,"term_taxonomy_id":297,"taxonomy":"post_tag","description":"","parent":0,"count":3,"filter":"raw"}],"jetpack_featured_media_url":"https:\/\/www.cltweb.org\/wp-content\/uploads\/2024\/11\/Screenshot_2015-11-18-21-46-57-1-1.png","jetpack_sharing_enabled":true,"jetpack-related-posts":[{"id":7687,"url":"https:\/\/www.cltweb.org\/pt-br\/2024\/11\/11\/introducao-ao-poder-e-a-lideranca-dos-jovens-na-pratica-do-community-land-trust\/","url_meta":{"origin":7880,"position":0},"title":"Introdu\u00e7\u00e3o ao poder e \u00e0 lideran\u00e7a dos jovens na pr\u00e1tica do Community Land Trust","author":"Ben Harris","date":"11 de novembro de 2024","format":false,"excerpt":"Por Richard Kruger Delgado A contribui\u00e7\u00e3o a seguir foi escrita por Richard Kruger Delgado, gerente de educa\u00e7\u00e3o e divulga\u00e7\u00e3o do International Center for Community Land Trusts, como contribui\u00e7\u00e3o para o pr\u00f3ximo webinar sobre \"Stewarding the Future: Poder e lideran\u00e7a dos jovens na pr\u00e1tica do Community Land Trust\", em 4 de\u2026","rel":"","context":"Em &quot;Blogs&quot;","block_context":{"text":"Blogs","link":"https:\/\/www.cltweb.org\/pt-br\/category\/blogs-pt-br\/"},"img":{"alt_text":"","src":"https:\/\/i0.wp.com\/www.cltweb.org\/wp-content\/uploads\/2024\/11\/Screenshot-2024-11-11-at-5.46.26%E2%80%AFPM.png?resize=350%2C200&ssl=1","width":350,"height":200,"srcset":"https:\/\/i0.wp.com\/www.cltweb.org\/wp-content\/uploads\/2024\/11\/Screenshot-2024-11-11-at-5.46.26%E2%80%AFPM.png?resize=350%2C200&ssl=1 1x, https:\/\/i0.wp.com\/www.cltweb.org\/wp-content\/uploads\/2024\/11\/Screenshot-2024-11-11-at-5.46.26%E2%80%AFPM.png?resize=525%2C300&ssl=1 1.5x, https:\/\/i0.wp.com\/www.cltweb.org\/wp-content\/uploads\/2024\/11\/Screenshot-2024-11-11-at-5.46.26%E2%80%AFPM.png?resize=700%2C400&ssl=1 2x"},"classes":[]},{"id":7246,"url":"https:\/\/www.cltweb.org\/pt-br\/2024\/09\/03\/introducao-ao-uso-de-clts-para-fornecer-renovacao-de-energia-e-acessibilidade-permanente-a-moradias-existentes\/","url_meta":{"origin":7880,"position":1},"title":"Introdu\u00e7\u00e3o ao uso de CLTs para fornecer renova\u00e7\u00e3o de energia e acessibilidade permanente a moradias existentes","author":"cltredesign_0jp0l4","date":"3 de setembro de 2024","format":false,"excerpt":"A contribui\u00e7\u00e3o a seguir foi escrita por Richard Kruger Delgado, gerente de educa\u00e7\u00e3o e divulga\u00e7\u00e3o do International Center for Community Land Trusts, para apresentar o pr\u00f3ximo webinar em 25 de setembro. \"Estamos no neg\u00f3cio de 'n\u00e3o deixar as pessoas para tr\u00e1s'.\" - John Davis, Centro Internacional de Fundos de Terras\u2026","rel":"","context":"Em &quot;Blogs&quot;","block_context":{"text":"Blogs","link":"https:\/\/www.cltweb.org\/pt-br\/category\/blogs-pt-br\/"},"img":{"alt_text":"","src":"","width":0,"height":0},"classes":[]},{"id":10665,"url":"https:\/\/www.cltweb.org\/pt-br\/2025\/11\/17\/clts-e-acao-climatica-um-movimento-crescente-para-uma-transicao-justa\/","url_meta":{"origin":7880,"position":2},"title":"CLTs e a\u00e7\u00e3o clim\u00e1tica: Um movimento crescente para uma transi\u00e7\u00e3o justa","author":"Ben Harris","date":"17 de novembro de 2025","format":false,"excerpt":"Esta hist\u00f3ria faz parte de nossa campanha de fim de ano que celebra como o Centro CLT est\u00e1 trabalhando para atender ao movimento global de CLT. Nesta semana, estamos destacando : A Iniciativa de Justi\u00e7a Clim\u00e1tica A emerg\u00eancia clim\u00e1tica n\u00e3o \u00e9 mais uma amea\u00e7a distante: ela est\u00e1 aqui, remodelando onde\u2026","rel":"","context":"Em &quot;Iniciativa de Justi\u00e7a Clim\u00e1tica&quot;","block_context":{"text":"Iniciativa de Justi\u00e7a Clim\u00e1tica","link":"https:\/\/www.cltweb.org\/pt-br\/category\/iniciativa-de-justica-climatica\/"},"img":{"alt_text":"","src":"https:\/\/i0.wp.com\/www.cltweb.org\/wp-content\/uploads\/2025\/11\/Land-for-People-Not-for-Profit-Banner.gif?resize=350%2C200&ssl=1","width":350,"height":200,"srcset":"https:\/\/i0.wp.com\/www.cltweb.org\/wp-content\/uploads\/2025\/11\/Land-for-People-Not-for-Profit-Banner.gif?resize=350%2C200&ssl=1 1x, https:\/\/i0.wp.com\/www.cltweb.org\/wp-content\/uploads\/2025\/11\/Land-for-People-Not-for-Profit-Banner.gif?resize=525%2C300&ssl=1 1.5x, https:\/\/i0.wp.com\/www.cltweb.org\/wp-content\/uploads\/2025\/11\/Land-for-People-Not-for-Profit-Banner.gif?resize=700%2C400&ssl=1 2x, https:\/\/i0.wp.com\/www.cltweb.org\/wp-content\/uploads\/2025\/11\/Land-for-People-Not-for-Profit-Banner.gif?resize=1050%2C600&ssl=1 3x, https:\/\/i0.wp.com\/www.cltweb.org\/wp-content\/uploads\/2025\/11\/Land-for-People-Not-for-Profit-Banner.gif?resize=1400%2C800&ssl=1 4x"},"classes":[]},{"id":6569,"url":"https:\/\/www.cltweb.org\/pt-br\/2023\/02\/20\/fideicomissos-de-terra-e-agricultura-de-base-comunitaria\/","url_meta":{"origin":7880,"position":3},"title":"Fideicomissos de terra e agricultura de base comunit\u00e1ria","author":"cltredesign_0jp0l4","date":"20 de fevereiro de 2023","format":false,"excerpt":"Junte-se a n\u00f3s na ter\u00e7a-feira, 14 de mar\u00e7o, para um webinar sobre agricultura comunit\u00e1ria. Voc\u00ea ouvir\u00e1 os principais profissionais de land trust que lideram programas agr\u00edcolas inovadores, com uma discuss\u00e3o em seguida. O evento \u00e9 gratuito e todos s\u00e3o bem-vindos!","rel":"","context":"Em &quot;N\u00e3o categorizado&quot;","block_context":{"text":"N\u00e3o categorizado","link":"https:\/\/www.cltweb.org\/pt-br\/category\/nao-categorizado\/"},"img":{"alt_text":"Logotipo do Centro CLT","src":"https:\/\/i0.wp.com\/www.cltweb.org\/wp-content\/uploads\/2022\/06\/Prop-logo_Center-for-CLT-innovation_black-400x150-1-300x113.png?resize=350%2C200&ssl=1","width":350,"height":200},"classes":[]},{"id":7210,"url":"https:\/\/www.cltweb.org\/pt-br\/2024\/09\/16\/apoio-ao-projeto-upcycling-trust-perspectiva-de-um-pesquisador\/","url_meta":{"origin":7880,"position":4},"title":"Apoio ao projeto Upcycling Trust: Perspectiva de um pesquisador","author":"cltredesign_0jp0l4","date":"16 de setembro de 2024","format":false,"excerpt":"Por Jeanne Mosseray A contribui\u00e7\u00e3o a seguir foi escrita por Jeanne Mosseray, pesquisadora PhD do Cosmopolis Centre for Urban Research, como uma contribui\u00e7\u00e3o para o pr\u00f3ximo webinar sobre \"Using CLTs to Deliver Energy Renovation and Permanent Affordability to Existing Housing\" (Usando CLTs para fornecer renova\u00e7\u00e3o de energia e acessibilidade permanente\u2026","rel":"","context":"Em &quot;Blogs&quot;","block_context":{"text":"Blogs","link":"https:\/\/www.cltweb.org\/pt-br\/category\/blogs-pt-br\/"},"img":{"alt_text":"","src":"","width":0,"height":0},"classes":[]},{"id":9521,"url":"https:\/\/www.cltweb.org\/pt-br\/2025\/05\/21\/commons-for-justice-clts-em-todos-os-continentes-no-festival-internacional-de-habitacao-social\/","url_meta":{"origin":7880,"position":5},"title":"Commons for Justice: CLTs em todos os continentes no Festival Internacional de Habita\u00e7\u00e3o Social","author":"Ben Harris","date":"21 de maio de 2025","format":false,"excerpt":"Em uma \u00e9poca marcada por crises habitacionais, mercados de terras extrativistas e crescente desigualdade, as comunidades de todo o mundo est\u00e3o recuperando os bens comuns. No 2025 International Social Housing Festival, em Dublin, Irlanda (4 a 6 de junho), a European Community Land Trust Network realizar\u00e1 um semin\u00e1rio de 105\u2026","rel":"","context":"Em &quot;Blogs&quot;","block_context":{"text":"Blogs","link":"https:\/\/www.cltweb.org\/pt-br\/category\/blogs-pt-br\/"},"img":{"alt_text":"","src":"https:\/\/i0.wp.com\/www.cltweb.org\/wp-content\/uploads\/2025\/05\/Juliet-Can.jpeg?resize=350%2C200&ssl=1","width":350,"height":200},"classes":[]}],"_links":{"self":[{"href":"https:\/\/www.cltweb.org\/pt-br\/wp-json\/wp\/v2\/posts\/7880","targetHints":{"allow":["GET"]}}],"collection":[{"href":"https:\/\/www.cltweb.org\/pt-br\/wp-json\/wp\/v2\/posts"}],"about":[{"href":"https:\/\/www.cltweb.org\/pt-br\/wp-json\/wp\/v2\/types\/post"}],"author":[{"embeddable":true,"href":"https:\/\/www.cltweb.org\/pt-br\/wp-json\/wp\/v2\/users\/2"}],"replies":[{"embeddable":true,"href":"https:\/\/www.cltweb.org\/pt-br\/wp-json\/wp\/v2\/comments?post=7880"}],"version-history":[{"count":3,"href":"https:\/\/www.cltweb.org\/pt-br\/wp-json\/wp\/v2\/posts\/7880\/revisions"}],"predecessor-version":[{"id":7894,"href":"https:\/\/www.cltweb.org\/pt-br\/wp-json\/wp\/v2\/posts\/7880\/revisions\/7894"}],"wp:featuredmedia":[{"embeddable":true,"href":"https:\/\/www.cltweb.org\/pt-br\/wp-json\/wp\/v2\/media\/7875"}],"wp:attachment":[{"href":"https:\/\/www.cltweb.org\/pt-br\/wp-json\/wp\/v2\/media?parent=7880"}],"wp:term":[{"taxonomy":"category","embeddable":true,"href":"https:\/\/www.cltweb.org\/pt-br\/wp-json\/wp\/v2\/categories?post=7880"},{"taxonomy":"post_tag","embeddable":true,"href":"https:\/\/www.cltweb.org\/pt-br\/wp-json\/wp\/v2\/tags?post=7880"}],"curies":[{"name":"wp","href":"https:\/\/api.w.org\/{rel}","templated":true}]}}