{"id":7951,"date":"2024-12-17T18:50:13","date_gmt":"2024-12-17T18:50:13","guid":{"rendered":"https:\/\/www.cltweb.org\/2024\/12\/17\/recapitulacao-do-webinar-poder-e-lideranca-dos-jovens-na-pratica-do-clt\/"},"modified":"2024-12-17T22:42:10","modified_gmt":"2024-12-17T22:42:10","slug":"recapitulacao-do-webinar-poder-e-lideranca-dos-jovens-na-pratica-do-clt","status":"publish","type":"post","link":"https:\/\/www.cltweb.org\/pt-br\/2024\/12\/17\/recapitulacao-do-webinar-poder-e-lideranca-dos-jovens-na-pratica-do-clt\/","title":{"rendered":"Recapitula\u00e7\u00e3o do webinar: Poder e lideran\u00e7a dos jovens na pr\u00e1tica do CLT"},"content":{"rendered":"\n<p class=\"has-medium-font-size\"><strong>Por Richard Kruger Delgado<\/strong><\/p>\n\n<p><strong><em>Todos os recursos relacionados a este webinar podem ser encontrados <a href=\"https:\/\/www.cltweb.org\/es\/event\/mesa-redonda-sobre-gestionar-el-futuro-el-poder-y-el-liderazgo-de-los-jovenes-en-la-practica-de-los-fideicomisos-de-la-tierra-comunitarios-2\/\" target=\"_blank\" rel=\"noreferrer noopener\">aqui<\/a> e abaixo<\/em><\/strong>.<\/p>\n\n<p>A seguir, voc\u00ea encontrar\u00e1 uma recapitula\u00e7\u00e3o do webinar &#8220;<a href=\"https:\/\/www.cltweb.org\/es\/event\/mesa-redonda-sobre-gestionar-el-futuro-el-poder-y-el-liderazgo-de-los-jovenes-en-la-practica-de-los-fideicomisos-de-la-tierra-comunitarios-2\/\" target=\"_blank\" rel=\"noreferrer noopener\">Stewarding the Future: Poder e lideran\u00e7a dos jovens na pr\u00e1tica do CLT<\/a>&#8220;, realizado em 4 de dezembro de 2024. O painel foi moderado por Richard Kruger Delgado, gerente de educa\u00e7\u00e3o e divulga\u00e7\u00e3o do International Center for Community Land Trusts. O painel contou com os seguintes palestrantes:  <\/p>\n\n<ul class=\"wp-block-list\">\n<li><a href=\"https:\/\/www.cltweb.org\/pt-br\/2024\/11\/22\/uma-jornada-pessoal-rumo-a-equidade-e-justica-habitacional\/\" target=\"_blank\" rel=\"noreferrer noopener\">Ashley Allen, PhD<\/a>, Houston Community Land Trust, diretora executiva<\/li>\n\n\n\n<li>Autumn Rose, Prairie View A&amp;M University, gradua\u00e7\u00e3o em Arquitetura e Ci\u00eancias da Constru\u00e7\u00e3o<\/li>\n\n\n\n<li>Carlos Sanchez-Gonzales, CLT de South Baltimore, Especialista em Apoio \u00e0 Juventude<\/li>\n\n\n\n<li><a href=\"https:\/\/www.cltweb.org\/pt-br\/?p=7776\" target=\"_blank\" rel=\"noreferrer noopener\">Jason Webb<\/a>, Grounded Solutions Network, Diretor de Assist\u00eancia T\u00e9cnica e Comunit\u00e1ria<\/li>\n<\/ul>\n\n<p>Apesar da variedade de idades e posi\u00e7\u00f5es, todos os participantes do painel compartilham um hist\u00f3rico de envolvimento com a juventude que moldou e continua a moldar suas trajet\u00f3rias no movimento CLT. Seu envolvimento com quest\u00f5es de falta de moradia, pobreza e o estado de suas comunidades quando jovens foram experi\u00eancias que moldaram sua jornada como profissionais de CLT. Jason, que cresceu na \u00e1rea de Dudley Street, em Boston, Massachusetts, que na \u00e9poca enfrentava problemas de abandono e desocupa\u00e7\u00e3o, compartilhou <a href=\"\" target=\"\" rel=\"\">como a orienta\u00e7\u00e3o de Gus Newport<\/a> n\u00e3o apenas moldou sua jornada, mas tamb\u00e9m ajudou a moldar a forma como o <a href=\"\" target=\"\" rel=\"\">DSNI<\/a> posteriormente incorporaria os jovens na diretoria da organiza\u00e7\u00e3o. Carlos Sanchez-Gonzales chegou ao South Baltimore CLT por meio de seu trabalho como l\u00edder juvenil em prol da <a href=\"\" target=\"\" rel=\"\">justi\u00e7a ambiental na Free Your Voice<\/a> quando era estudante do ensino m\u00e9dio. A experi\u00eancia de Ashley Allen de ter sido desabrigada durante toda a juventude a levou a buscar solu\u00e7\u00f5es e a treinar como organizadora ap\u00f3s a faculdade e, depois de 12 anos de trabalho com jovens, a fazer a transi\u00e7\u00e3o para o mundo dos CLTs como Diretora Executiva do Houston CLT. Autumn Rose, aluna do segundo ano da Prairie View A&amp;M, juntou-se a n\u00f3s para falar sobre sua experi\u00eancia como estudante trabalhando com o Houston CLT para elaborar projetos de novas casas para o fundo de terras e sobre como o modelo do CLT a tocou como algu\u00e9m cuja fam\u00edlia enfrenta a amea\u00e7a de deslocamento liderada pela gentrifica\u00e7\u00e3o em Houston.       <\/p>\n\n<p>Juntamente com essas hist\u00f3rias pessoais, os palestrantes compartilharam o trabalho que seus CLTs est\u00e3o fazendo para envolver os jovens atualmente, sendo que muitas dessas pr\u00e1ticas se baseiam em hist\u00f3rias de organiza\u00e7\u00e3o e envolvimento dos jovens. A experi\u00eancia de Jason com a DSNI desde cedo lhe proporcionou a orienta\u00e7\u00e3o e a experi\u00eancia inicial que o levariam a defender fundos para o trabalho dos jovens na organiza\u00e7\u00e3o, a criar um comit\u00ea de jovens e, por fim, a criar uma cadeira na Diretoria para um representante dos jovens. Durante o per\u00edodo em que Jason foi Diretor Executivo do CLT, a DSNI criou o CommunityScapes, um programa de empregos de ver\u00e3o projetado e liderado por jovens que trabalhou com mais de 200 jovens em um per\u00edodo de cinco anos.    <\/p>\n\n<p>Carlos representa a segunda gera\u00e7\u00e3o de l\u00edderes do Free Your Voice provenientes da Benjamin Franklin High School. Quando o maior incinerador da hist\u00f3ria dos EUA foi proposto para um local a menos de um quil\u00f4metro de sua escola em 2011, <a href=\"https:\/\/www.npr.org\/2023\/10\/04\/1197954102\/student-activists-climate-change-baltimore\" target=\"_blank\" rel=\"noreferrer noopener\">os alunos se organizaram<\/a> para aprender, organizar e lutar contra o desenvolvimento do incinerador. Seu trabalho de organiza\u00e7\u00e3o durante cinco anos fez com que a empresa que desenvolveria o incinerador acabasse desistindo. A luta bem-sucedida contra esse empreendimento levou \u00e0 busca de novas ferramentas para proteger os residentes de South Baltimore contra a injusti\u00e7a ambiental e proporcionar um desenvolvimento que estabilizasse as comunidades, o que levou diretamente \u00e0 cria\u00e7\u00e3o da SBCLT.     <\/p>\n\n<p>Ashley Allen falou sobre a import\u00e2ncia de continuar a construir e apoiar a comunidade mais ampla de membros do land trust. Para ajudar os estudantes locais a atingirem suas metas educacionais, o Houston CLT oferece uma bolsa de estudos que leva o nome de Gus Newport e Charles Sherrod. Eles tamb\u00e9m fazem parceria com duas universidades locais, a Rice University e a Prairie View A&amp;M University, para pesquisar a escassez de moradias e as tipologias que estavam faltando e que poderiam atender a essa escassez. Eles tamb\u00e9m queriam garantir que as novas moradias que estavam sendo desenvolvidas respondessem ao que as comunidades existentes queriam, centralizando suas experi\u00eancias. Os alunos da Prairie View School of Architecture foram contratados para projetar casas para comunidades hist\u00f3ricas que estavam enfrentando a gentrifica\u00e7\u00e3o. O Houston CLT os enviou para as comunidades e os incumbiu do desafio de ir al\u00e9m dos projetos de incorporadores com fins lucrativos e trazer um foco comunit\u00e1rio para seus projetos. Esses projetos de casas deveriam ser desenvolvidos na comunidade Third Ward, uma comunidade que est\u00e1 sofrendo intensa gentrifica\u00e7\u00e3o em Houston.      <\/p>\n\n<p>Uma das alunas envolvidas nessa parceria \u00e9 Autumn Rose. Autumn, que \u00e9 nativa de Houston, pode ver as mudan\u00e7as que est\u00e3o acontecendo na cidade, at\u00e9 mesmo na comunidade onde Prairie View est\u00e1 localizada. O envolvimento de Autumn com o Houston CLT por meio desse projeto n\u00e3o s\u00f3 permitiu que ela perseguisse seus sonhos arquitet\u00f4nicos, mas tamb\u00e9m contribuiu para a luta contra o deslocamento na cidade e tamb\u00e9m trouxe a resist\u00eancia a desastres clim\u00e1ticos para as moradias a pre\u00e7os acess\u00edveis. Os projetos de Autumn respondem \u00e0 hist\u00f3ria recente de Houston, impulsionada pelas mudan\u00e7as clim\u00e1ticas, apresentando funda\u00e7\u00f5es elevadas que podem atenuar os impactos das enchentes. Apesar do fato de a \u00e1rea para a qual Autumn est\u00e1 projetando estar em uma plan\u00edcie de inunda\u00e7\u00e3o de 500 anos (o que significa que h\u00e1 uma chance de impactos catastr\u00f3ficos de inunda\u00e7\u00e3o nessa \u00e1rea uma vez a cada 500 anos), ela sentiu que, olhando para o futuro, n\u00e3o havia garantia de que ela permaneceria sempre em uma plan\u00edcie de inunda\u00e7\u00e3o de 500 anos.      <\/p>\n\n<p>Durante a se\u00e7\u00e3o de discuss\u00e3o do painel, Jason, Carlos e Ashley falaram sobre os desafios que surgem com o envolvimento dos jovens, desde a luta pela aten\u00e7\u00e3o dos jovens contra a tecnologia at\u00e9 os desafios estruturais mais urgentes relacionados ao financiamento do trabalho de envolvimento dos jovens em comunidades de baixa renda. Em rela\u00e7\u00e3o aos efeitos da tecnologia que reduzem o mundo, Ashley falou sobre o desafio intergeracional compartilhado de entender como os problemas enfrentados pelas comunidades locais est\u00e3o afetando as comunidades do mundo todo e a necessidade de conectar essas lutas. Carlos falou especificamente sobre os desafios sist\u00eamicos no sul de Baltimore, onde muitos jovens frequentemente precisam trabalhar para garantir a renda de suas fam\u00edlias. \u00c9 importante que voc\u00ea disponha de recursos que possam n\u00e3o s\u00f3 financiar o trabalho de engajamento dos jovens, mas tamb\u00e9m remunerar o trabalho que eles realizam nesse engajamento.     <\/p>\n\n<p>No final da discuss\u00e3o, Carlos e Autumn, como os dois jovens atuais no painel, foram convidados a refletir sobre as li\u00e7\u00f5es que aprenderam com suas experi\u00eancias e a motiva\u00e7\u00e3o que adquiriram. O que os levou a fazer isso quando eram jovens? Autumn falou sobre a oportunidade de se conectar com outras pessoas, pessoas que estavam enfrentando o espectro da gentrifica\u00e7\u00e3o, da inacessibilidade econ\u00f4mica e da perda de comunidades. Ela tamb\u00e9m falou sobre os desafios que enfrentaria quando adulta, um desafio que muitos adultos est\u00e3o enfrentando &#8211; a crise imobili\u00e1ria. Carlos compartilhou que, para ele, a fa\u00edsca foi entender que ele fazia parte de algo maior do que ele mesmo e que pequenas contribui\u00e7\u00f5es poderiam levar a algo maior. Essas contribui\u00e7\u00f5es n\u00e3o precisam ter uma apar\u00eancia espec\u00edfica &#8211; como Carlos compartilhou, &#8220;qualquer coisa em que voc\u00ea seja bom &#8211; arte, orat\u00f3ria, ci\u00eancia, desenvolvimento &#8211; tudo desempenha um papel e&#8230; certificar-se de que os alunos possam ver que fazer parte de algo maior e lutar por suas comunidades, lutar, no meu exemplo, por moradias acess\u00edveis&#8230; ser capaz de se conectar com eles nesse n\u00edvel pessoal permite que eles se aproximem e sintam essa conex\u00e3o&#8221;.       <\/p>\n\n<h3 class=\"wp-block-heading\" id=\"h-slide-decks\">Decks deslizantes<\/h3>\n\n<ul class=\"wp-block-list\">\n<li><strong><a href=\"https:\/\/www.cltweb.org\/wp-content\/uploads\/2024\/12\/Ashley-Allen-Presentation.pdf\" target=\"_blank\" rel=\"noreferrer noopener\">Ashley Allen, PhD<\/a><\/strong>, Houston CLT, diretora executiva<\/li>\n\n\n\n<li><strong><a href=\"https:\/\/www.cltweb.org\/wp-content\/uploads\/2024\/12\/Carlos-Sanchez-Gonzales-Presentation.pdf\" target=\"_blank\" rel=\"noreferrer noopener\">Carlos Sanchez-Gonzales<\/a><\/strong>South Baltimore CLT, Especialista em Apoio \u00e0 Juventude<\/li>\n\n\n\n<li><strong><a href=\"https:\/\/www.cltweb.org\/wp-content\/uploads\/2024\/12\/Jason-Webb-Presentation-.pdf\" target=\"_blank\" rel=\"noreferrer noopener\">Jason Webb<\/a><\/strong>Jason Webb , Grounded Solutions Network, Diretor de Assist\u00eancia T\u00e9cnica e Comunit\u00e1ria<\/li>\n<\/ul>\n\n<h3 class=\"wp-block-heading\" id=\"h-webinar-resources\">Recursos do webinar<\/h3>\n\n<figure class=\"wp-block-embed is-type-video is-provider-youtube wp-block-embed-youtube wp-embed-aspect-16-9 wp-has-aspect-ratio\"><div class=\"wp-block-embed__wrapper\">\n<iframe loading=\"lazy\" title=\"Panel Discussion on Youth Power and Leadership in CLT Practice\" width=\"1290\" height=\"726\" src=\"https:\/\/www.youtube.com\/embed\/UF1qD6WZTwg?feature=oembed\" frameborder=\"0\" allow=\"accelerometer; autoplay; clipboard-write; encrypted-media; gyroscope; picture-in-picture; web-share\" referrerpolicy=\"strict-origin-when-cross-origin\" allowfullscreen><\/iframe>\n<\/div><\/figure>\n","protected":false},"excerpt":{"rendered":"<p>Por Richard Kruger Delgado Todos os recursos relacionados a este webinar podem ser encontrados aqui e abaixo. A seguir, voc\u00ea encontrar\u00e1 uma recapitula\u00e7\u00e3o do webinar &#8220;Stewarding the Future: Poder e [&hellip;]<\/p>\n","protected":false},"author":2,"featured_media":0,"comment_status":"closed","ping_status":"open","sticky":false,"template":"","format":"standard","meta":{"give_campaign_id":0,"_tec_requires_first_save":true,"_kad_blocks_custom_css":"","_kad_blocks_head_custom_js":"","_kad_blocks_body_custom_js":"","_kad_blocks_footer_custom_js":"","_EventAllDay":false,"_EventTimezone":"","_EventStartDate":"","_EventEndDate":"","_EventStartDateUTC":"","_EventEndDateUTC":"","_EventShowMap":false,"_EventShowMapLink":false,"_EventURL":"","_EventCost":"","_EventCostDescription":"","_EventCurrencySymbol":"","_EventCurrencyCode":"","_EventCurrencyPosition":"","_EventDateTimeSeparator":"","_EventTimeRangeSeparator":"","_EventOrganizerID":[],"_EventVenueID":[],"_OrganizerEmail":"","_OrganizerPhone":"","_OrganizerWebsite":"","_VenueAddress":"","_VenueCity":"","_VenueCountry":"","_VenueProvince":"","_VenueState":"","_VenueZip":"","_VenuePhone":"","_VenueURL":"","_VenueStateProvince":"","_VenueLat":"","_VenueLng":"","_VenueShowMap":false,"_VenueShowMapLink":false,"_tribe_blocks_recurrence_rules":"","_tribe_blocks_recurrence_description":"","_tribe_blocks_recurrence_exclusions":"","_jetpack_memberships_contains_paid_content":false,"footnotes":""},"categories":[291],"tags":[273,297,298],"class_list":["post-7951","post","type-post","status-publish","format-standard","hentry","category-blogs-pt-br","tag-envolvimento-dos-jovens","tag-juventude","tag-webinar-pt-br"],"blocksy_meta":[],"yoast_head":"<!-- This site is optimized with the Yoast SEO Premium plugin v27.4 (Yoast SEO v27.5) - https:\/\/yoast.com\/product\/yoast-seo-premium-wordpress\/ -->\n<title>Recapitula\u00e7\u00e3o do webinar: Poder e lideran\u00e7a dos jovens na pr\u00e1tica do CLT - International Center for Community Land Trusts<\/title>\n<meta name=\"robots\" content=\"index, follow, max-snippet:-1, max-image-preview:large, max-video-preview:-1\" \/>\n<link rel=\"canonical\" href=\"https:\/\/www.cltweb.org\/pt-br\/2024\/12\/17\/recapitulacao-do-webinar-poder-e-lideranca-dos-jovens-na-pratica-do-clt\/\" \/>\n<meta property=\"og:locale\" content=\"pt_BR\" \/>\n<meta property=\"og:type\" content=\"article\" \/>\n<meta property=\"og:title\" content=\"Recapitula\u00e7\u00e3o do webinar: Poder e lideran\u00e7a dos jovens na pr\u00e1tica do CLT\" \/>\n<meta property=\"og:description\" content=\"Por Richard Kruger Delgado Todos os recursos relacionados a este webinar podem ser encontrados aqui e abaixo. A seguir, voc\u00ea encontrar\u00e1 uma recapitula\u00e7\u00e3o do webinar &#8220;Stewarding the Future: Poder e [&hellip;]\" \/>\n<meta property=\"og:url\" content=\"https:\/\/www.cltweb.org\/pt-br\/2024\/12\/17\/recapitulacao-do-webinar-poder-e-lideranca-dos-jovens-na-pratica-do-clt\/\" \/>\n<meta property=\"og:site_name\" content=\"International Center for Community Land Trusts\" \/>\n<meta property=\"article:publisher\" content=\"https:\/\/www.facebook.com\/cltcenter\" \/>\n<meta property=\"article:published_time\" content=\"2024-12-17T18:50:13+00:00\" \/>\n<meta property=\"article:modified_time\" content=\"2024-12-17T22:42:10+00:00\" \/>\n<meta name=\"author\" content=\"Ben Harris\" \/>\n<meta name=\"twitter:card\" content=\"summary_large_image\" \/>\n<meta name=\"twitter:creator\" content=\"@Center4CLTs\" \/>\n<meta name=\"twitter:site\" content=\"@Center4CLTs\" \/>\n<meta name=\"twitter:label1\" content=\"Escrito por\" \/>\n\t<meta name=\"twitter:data1\" content=\"Ben Harris\" \/>\n\t<meta name=\"twitter:label2\" content=\"Est. tempo de leitura\" \/>\n\t<meta name=\"twitter:data2\" content=\"7 minutos\" \/>\n<script type=\"application\/ld+json\" class=\"yoast-schema-graph\">{\"@context\":\"https:\\\/\\\/schema.org\",\"@graph\":[{\"@type\":\"Article\",\"@id\":\"https:\\\/\\\/www.cltweb.org\\\/pt-br\\\/2024\\\/12\\\/17\\\/recapitulacao-do-webinar-poder-e-lideranca-dos-jovens-na-pratica-do-clt\\\/#article\",\"isPartOf\":{\"@id\":\"https:\\\/\\\/www.cltweb.org\\\/pt-br\\\/2024\\\/12\\\/17\\\/recapitulacao-do-webinar-poder-e-lideranca-dos-jovens-na-pratica-do-clt\\\/\"},\"author\":{\"name\":\"Ben Harris\",\"@id\":\"https:\\\/\\\/www.cltweb.org\\\/pt-br\\\/#\\\/schema\\\/person\\\/7c9fe56cc945e4b57585dbfe30f2ead4\"},\"headline\":\"Recapitula\u00e7\u00e3o do webinar: Poder e lideran\u00e7a dos jovens na pr\u00e1tica do CLT\",\"datePublished\":\"2024-12-17T18:50:13+00:00\",\"dateModified\":\"2024-12-17T22:42:10+00:00\",\"mainEntityOfPage\":{\"@id\":\"https:\\\/\\\/www.cltweb.org\\\/pt-br\\\/2024\\\/12\\\/17\\\/recapitulacao-do-webinar-poder-e-lideranca-dos-jovens-na-pratica-do-clt\\\/\"},\"wordCount\":1444,\"publisher\":{\"@id\":\"https:\\\/\\\/www.cltweb.org\\\/pt-br\\\/#organization\"},\"keywords\":[\"Envolvimento dos jovens\",\"juventude\",\"webinar\"],\"articleSection\":[\"Blogs\"],\"inLanguage\":\"pt-BR\"},{\"@type\":\"WebPage\",\"@id\":\"https:\\\/\\\/www.cltweb.org\\\/pt-br\\\/2024\\\/12\\\/17\\\/recapitulacao-do-webinar-poder-e-lideranca-dos-jovens-na-pratica-do-clt\\\/\",\"url\":\"https:\\\/\\\/www.cltweb.org\\\/pt-br\\\/2024\\\/12\\\/17\\\/recapitulacao-do-webinar-poder-e-lideranca-dos-jovens-na-pratica-do-clt\\\/\",\"name\":\"Recapitula\u00e7\u00e3o do webinar: Poder e lideran\u00e7a dos jovens na pr\u00e1tica do CLT - International Center for Community Land Trusts\",\"isPartOf\":{\"@id\":\"https:\\\/\\\/www.cltweb.org\\\/pt-br\\\/#website\"},\"datePublished\":\"2024-12-17T18:50:13+00:00\",\"dateModified\":\"2024-12-17T22:42:10+00:00\",\"breadcrumb\":{\"@id\":\"https:\\\/\\\/www.cltweb.org\\\/pt-br\\\/2024\\\/12\\\/17\\\/recapitulacao-do-webinar-poder-e-lideranca-dos-jovens-na-pratica-do-clt\\\/#breadcrumb\"},\"inLanguage\":\"pt-BR\",\"potentialAction\":[{\"@type\":\"ReadAction\",\"target\":[\"https:\\\/\\\/www.cltweb.org\\\/pt-br\\\/2024\\\/12\\\/17\\\/recapitulacao-do-webinar-poder-e-lideranca-dos-jovens-na-pratica-do-clt\\\/\"]}]},{\"@type\":\"BreadcrumbList\",\"@id\":\"https:\\\/\\\/www.cltweb.org\\\/pt-br\\\/2024\\\/12\\\/17\\\/recapitulacao-do-webinar-poder-e-lideranca-dos-jovens-na-pratica-do-clt\\\/#breadcrumb\",\"itemListElement\":[{\"@type\":\"ListItem\",\"position\":1,\"name\":\"Home\",\"item\":\"https:\\\/\\\/www.cltweb.org\\\/pt-br\\\/\"},{\"@type\":\"ListItem\",\"position\":2,\"name\":\"Recapitula\u00e7\u00e3o do webinar: Poder e lideran\u00e7a dos jovens na pr\u00e1tica do CLT\"}]},{\"@type\":\"WebSite\",\"@id\":\"https:\\\/\\\/www.cltweb.org\\\/pt-br\\\/#website\",\"url\":\"https:\\\/\\\/www.cltweb.org\\\/pt-br\\\/\",\"name\":\"International Center for Community Land Trusts\",\"description\":\"\",\"publisher\":{\"@id\":\"https:\\\/\\\/www.cltweb.org\\\/pt-br\\\/#organization\"},\"potentialAction\":[{\"@type\":\"SearchAction\",\"target\":{\"@type\":\"EntryPoint\",\"urlTemplate\":\"https:\\\/\\\/www.cltweb.org\\\/pt-br\\\/?s={search_term_string}\"},\"query-input\":{\"@type\":\"PropertyValueSpecification\",\"valueRequired\":true,\"valueName\":\"search_term_string\"}}],\"inLanguage\":\"pt-BR\"},{\"@type\":\"Organization\",\"@id\":\"https:\\\/\\\/www.cltweb.org\\\/pt-br\\\/#organization\",\"name\":\"International Center for Community Land Trusts\",\"url\":\"https:\\\/\\\/www.cltweb.org\\\/pt-br\\\/\",\"logo\":{\"@type\":\"ImageObject\",\"inLanguage\":\"pt-BR\",\"@id\":\"https:\\\/\\\/www.cltweb.org\\\/pt-br\\\/#\\\/schema\\\/logo\\\/image\\\/\",\"url\":\"https:\\\/\\\/www.cltweb.org\\\/wp-content\\\/uploads\\\/2024\\\/11\\\/New-CLT-Center-Text-logo.png\",\"contentUrl\":\"https:\\\/\\\/www.cltweb.org\\\/wp-content\\\/uploads\\\/2024\\\/11\\\/New-CLT-Center-Text-logo.png\",\"width\":227,\"height\":80,\"caption\":\"International Center for Community Land Trusts\"},\"image\":{\"@id\":\"https:\\\/\\\/www.cltweb.org\\\/pt-br\\\/#\\\/schema\\\/logo\\\/image\\\/\"},\"sameAs\":[\"https:\\\/\\\/www.facebook.com\\\/cltcenter\",\"https:\\\/\\\/x.com\\\/Center4CLTs\",\"https:\\\/\\\/www.instagram.com\\\/cltcenter\\\/\",\"https:\\\/\\\/www.linkedin.com\\\/company\\\/cltcenter\",\"https:\\\/\\\/www.youtube.com\\\/@centerforcltinnovation5313\"],\"description\":\"The International Center for Community Land Trusts is a not-for-profit nongovernmental organization established in 2018 to promote and to support community land trusts and similar strategies of community-led development on community-owned land in countries throughout the world.\",\"email\":\"info@communitylandtrust.net\",\"legalName\":\"International Center for Community Land Trusts\",\"foundingDate\":\"2018-12-01\",\"taxID\":\"84-3858933\",\"numberOfEmployees\":{\"@type\":\"QuantitativeValue\",\"minValue\":\"1\",\"maxValue\":\"10\"}},{\"@type\":\"Person\",\"@id\":\"https:\\\/\\\/www.cltweb.org\\\/pt-br\\\/#\\\/schema\\\/person\\\/7c9fe56cc945e4b57585dbfe30f2ead4\",\"name\":\"Ben Harris\",\"image\":{\"@type\":\"ImageObject\",\"inLanguage\":\"pt-BR\",\"@id\":\"https:\\\/\\\/secure.gravatar.com\\\/avatar\\\/12a44d8988553548c22c57da673ee8ffb7e0b87b0197beec533bae3061a92cc5?s=96&d=mm&r=g\",\"url\":\"https:\\\/\\\/secure.gravatar.com\\\/avatar\\\/12a44d8988553548c22c57da673ee8ffb7e0b87b0197beec533bae3061a92cc5?s=96&d=mm&r=g\",\"contentUrl\":\"https:\\\/\\\/secure.gravatar.com\\\/avatar\\\/12a44d8988553548c22c57da673ee8ffb7e0b87b0197beec533bae3061a92cc5?s=96&d=mm&r=g\",\"caption\":\"Ben Harris\"},\"url\":\"https:\\\/\\\/www.cltweb.org\\\/pt-br\\\/author\\\/ben\\\/\"}]}<\/script>\n<!-- \/ Yoast SEO Premium plugin. -->","yoast_head_json":{"title":"Recapitula\u00e7\u00e3o do webinar: Poder e lideran\u00e7a dos jovens na pr\u00e1tica do CLT - International Center for Community Land Trusts","robots":{"index":"index","follow":"follow","max-snippet":"max-snippet:-1","max-image-preview":"max-image-preview:large","max-video-preview":"max-video-preview:-1"},"canonical":"https:\/\/www.cltweb.org\/pt-br\/2024\/12\/17\/recapitulacao-do-webinar-poder-e-lideranca-dos-jovens-na-pratica-do-clt\/","og_locale":"pt_BR","og_type":"article","og_title":"Recapitula\u00e7\u00e3o do webinar: Poder e lideran\u00e7a dos jovens na pr\u00e1tica do CLT","og_description":"Por Richard Kruger Delgado Todos os recursos relacionados a este webinar podem ser encontrados aqui e abaixo. A seguir, voc\u00ea encontrar\u00e1 uma recapitula\u00e7\u00e3o do webinar &#8220;Stewarding the Future: Poder e [&hellip;]","og_url":"https:\/\/www.cltweb.org\/pt-br\/2024\/12\/17\/recapitulacao-do-webinar-poder-e-lideranca-dos-jovens-na-pratica-do-clt\/","og_site_name":"International Center for Community Land Trusts","article_publisher":"https:\/\/www.facebook.com\/cltcenter","article_published_time":"2024-12-17T18:50:13+00:00","article_modified_time":"2024-12-17T22:42:10+00:00","author":"Ben Harris","twitter_card":"summary_large_image","twitter_creator":"@Center4CLTs","twitter_site":"@Center4CLTs","twitter_misc":{"Escrito por":"Ben Harris","Est. tempo de leitura":"7 minutos"},"schema":{"@context":"https:\/\/schema.org","@graph":[{"@type":"Article","@id":"https:\/\/www.cltweb.org\/pt-br\/2024\/12\/17\/recapitulacao-do-webinar-poder-e-lideranca-dos-jovens-na-pratica-do-clt\/#article","isPartOf":{"@id":"https:\/\/www.cltweb.org\/pt-br\/2024\/12\/17\/recapitulacao-do-webinar-poder-e-lideranca-dos-jovens-na-pratica-do-clt\/"},"author":{"name":"Ben Harris","@id":"https:\/\/www.cltweb.org\/pt-br\/#\/schema\/person\/7c9fe56cc945e4b57585dbfe30f2ead4"},"headline":"Recapitula\u00e7\u00e3o do webinar: Poder e lideran\u00e7a dos jovens na pr\u00e1tica do CLT","datePublished":"2024-12-17T18:50:13+00:00","dateModified":"2024-12-17T22:42:10+00:00","mainEntityOfPage":{"@id":"https:\/\/www.cltweb.org\/pt-br\/2024\/12\/17\/recapitulacao-do-webinar-poder-e-lideranca-dos-jovens-na-pratica-do-clt\/"},"wordCount":1444,"publisher":{"@id":"https:\/\/www.cltweb.org\/pt-br\/#organization"},"keywords":["Envolvimento dos jovens","juventude","webinar"],"articleSection":["Blogs"],"inLanguage":"pt-BR"},{"@type":"WebPage","@id":"https:\/\/www.cltweb.org\/pt-br\/2024\/12\/17\/recapitulacao-do-webinar-poder-e-lideranca-dos-jovens-na-pratica-do-clt\/","url":"https:\/\/www.cltweb.org\/pt-br\/2024\/12\/17\/recapitulacao-do-webinar-poder-e-lideranca-dos-jovens-na-pratica-do-clt\/","name":"Recapitula\u00e7\u00e3o do webinar: Poder e lideran\u00e7a dos jovens na pr\u00e1tica do CLT - International Center for Community Land Trusts","isPartOf":{"@id":"https:\/\/www.cltweb.org\/pt-br\/#website"},"datePublished":"2024-12-17T18:50:13+00:00","dateModified":"2024-12-17T22:42:10+00:00","breadcrumb":{"@id":"https:\/\/www.cltweb.org\/pt-br\/2024\/12\/17\/recapitulacao-do-webinar-poder-e-lideranca-dos-jovens-na-pratica-do-clt\/#breadcrumb"},"inLanguage":"pt-BR","potentialAction":[{"@type":"ReadAction","target":["https:\/\/www.cltweb.org\/pt-br\/2024\/12\/17\/recapitulacao-do-webinar-poder-e-lideranca-dos-jovens-na-pratica-do-clt\/"]}]},{"@type":"BreadcrumbList","@id":"https:\/\/www.cltweb.org\/pt-br\/2024\/12\/17\/recapitulacao-do-webinar-poder-e-lideranca-dos-jovens-na-pratica-do-clt\/#breadcrumb","itemListElement":[{"@type":"ListItem","position":1,"name":"Home","item":"https:\/\/www.cltweb.org\/pt-br\/"},{"@type":"ListItem","position":2,"name":"Recapitula\u00e7\u00e3o do webinar: Poder e lideran\u00e7a dos jovens na pr\u00e1tica do CLT"}]},{"@type":"WebSite","@id":"https:\/\/www.cltweb.org\/pt-br\/#website","url":"https:\/\/www.cltweb.org\/pt-br\/","name":"International Center for Community Land Trusts","description":"","publisher":{"@id":"https:\/\/www.cltweb.org\/pt-br\/#organization"},"potentialAction":[{"@type":"SearchAction","target":{"@type":"EntryPoint","urlTemplate":"https:\/\/www.cltweb.org\/pt-br\/?s={search_term_string}"},"query-input":{"@type":"PropertyValueSpecification","valueRequired":true,"valueName":"search_term_string"}}],"inLanguage":"pt-BR"},{"@type":"Organization","@id":"https:\/\/www.cltweb.org\/pt-br\/#organization","name":"International Center for Community Land Trusts","url":"https:\/\/www.cltweb.org\/pt-br\/","logo":{"@type":"ImageObject","inLanguage":"pt-BR","@id":"https:\/\/www.cltweb.org\/pt-br\/#\/schema\/logo\/image\/","url":"https:\/\/www.cltweb.org\/wp-content\/uploads\/2024\/11\/New-CLT-Center-Text-logo.png","contentUrl":"https:\/\/www.cltweb.org\/wp-content\/uploads\/2024\/11\/New-CLT-Center-Text-logo.png","width":227,"height":80,"caption":"International Center for Community Land Trusts"},"image":{"@id":"https:\/\/www.cltweb.org\/pt-br\/#\/schema\/logo\/image\/"},"sameAs":["https:\/\/www.facebook.com\/cltcenter","https:\/\/x.com\/Center4CLTs","https:\/\/www.instagram.com\/cltcenter\/","https:\/\/www.linkedin.com\/company\/cltcenter","https:\/\/www.youtube.com\/@centerforcltinnovation5313"],"description":"The International Center for Community Land Trusts is a not-for-profit nongovernmental organization established in 2018 to promote and to support community land trusts and similar strategies of community-led development on community-owned land in countries throughout the world.","email":"info@communitylandtrust.net","legalName":"International Center for Community Land Trusts","foundingDate":"2018-12-01","taxID":"84-3858933","numberOfEmployees":{"@type":"QuantitativeValue","minValue":"1","maxValue":"10"}},{"@type":"Person","@id":"https:\/\/www.cltweb.org\/pt-br\/#\/schema\/person\/7c9fe56cc945e4b57585dbfe30f2ead4","name":"Ben Harris","image":{"@type":"ImageObject","inLanguage":"pt-BR","@id":"https:\/\/secure.gravatar.com\/avatar\/12a44d8988553548c22c57da673ee8ffb7e0b87b0197beec533bae3061a92cc5?s=96&d=mm&r=g","url":"https:\/\/secure.gravatar.com\/avatar\/12a44d8988553548c22c57da673ee8ffb7e0b87b0197beec533bae3061a92cc5?s=96&d=mm&r=g","contentUrl":"https:\/\/secure.gravatar.com\/avatar\/12a44d8988553548c22c57da673ee8ffb7e0b87b0197beec533bae3061a92cc5?s=96&d=mm&r=g","caption":"Ben Harris"},"url":"https:\/\/www.cltweb.org\/pt-br\/author\/ben\/"}]}},"taxonomy_info":{"category":[{"value":291,"label":"Blogs"}],"post_tag":[{"value":273,"label":"Envolvimento dos jovens"},{"value":297,"label":"juventude"},{"value":298,"label":"webinar"}]},"featured_image_src_large":false,"author_info":{"display_name":"Ben Harris","author_link":"https:\/\/www.cltweb.org\/pt-br\/author\/ben\/"},"comment_info":0,"category_info":[{"term_id":291,"name":"Blogs","slug":"blogs-pt-br","term_group":0,"term_taxonomy_id":291,"taxonomy":"category","description":"","parent":0,"count":13,"filter":"raw","cat_ID":291,"category_count":13,"category_description":"","cat_name":"Blogs","category_nicename":"blogs-pt-br","category_parent":0}],"tag_info":[{"term_id":273,"name":"Envolvimento dos jovens","slug":"envolvimento-dos-jovens","term_group":0,"term_taxonomy_id":273,"taxonomy":"post_tag","description":"","parent":0,"count":3,"filter":"raw"},{"term_id":297,"name":"juventude","slug":"juventude","term_group":0,"term_taxonomy_id":297,"taxonomy":"post_tag","description":"","parent":0,"count":3,"filter":"raw"},{"term_id":298,"name":"webinar","slug":"webinar-pt-br","term_group":0,"term_taxonomy_id":298,"taxonomy":"post_tag","description":"","parent":0,"count":16,"filter":"raw"}],"jetpack_featured_media_url":"","jetpack_sharing_enabled":true,"jetpack-related-posts":[{"id":7687,"url":"https:\/\/www.cltweb.org\/pt-br\/2024\/11\/11\/introducao-ao-poder-e-a-lideranca-dos-jovens-na-pratica-do-community-land-trust\/","url_meta":{"origin":7951,"position":0},"title":"Introdu\u00e7\u00e3o ao poder e \u00e0 lideran\u00e7a dos jovens na pr\u00e1tica do Community Land Trust","author":"Ben Harris","date":"11 de novembro de 2024","format":false,"excerpt":"Por Richard Kruger Delgado A contribui\u00e7\u00e3o a seguir foi escrita por Richard Kruger Delgado, gerente de educa\u00e7\u00e3o e divulga\u00e7\u00e3o do International Center for Community Land Trusts, como contribui\u00e7\u00e3o para o pr\u00f3ximo webinar sobre \"Stewarding the Future: Poder e lideran\u00e7a dos jovens na pr\u00e1tica do Community Land Trust\", em 4 de\u2026","rel":"","context":"Em &quot;Blogs&quot;","block_context":{"text":"Blogs","link":"https:\/\/www.cltweb.org\/pt-br\/category\/blogs-pt-br\/"},"img":{"alt_text":"","src":"https:\/\/i0.wp.com\/www.cltweb.org\/wp-content\/uploads\/2024\/11\/Screenshot-2024-11-11-at-5.46.26%E2%80%AFPM.png?resize=350%2C200&ssl=1","width":350,"height":200,"srcset":"https:\/\/i0.wp.com\/www.cltweb.org\/wp-content\/uploads\/2024\/11\/Screenshot-2024-11-11-at-5.46.26%E2%80%AFPM.png?resize=350%2C200&ssl=1 1x, https:\/\/i0.wp.com\/www.cltweb.org\/wp-content\/uploads\/2024\/11\/Screenshot-2024-11-11-at-5.46.26%E2%80%AFPM.png?resize=525%2C300&ssl=1 1.5x, https:\/\/i0.wp.com\/www.cltweb.org\/wp-content\/uploads\/2024\/11\/Screenshot-2024-11-11-at-5.46.26%E2%80%AFPM.png?resize=700%2C400&ssl=1 2x"},"classes":[]},{"id":7831,"url":"https:\/\/www.cltweb.org\/pt-br\/2024\/11\/20\/recursos-para-o-envolvimento-significativo-de-jovens-em-clts\/","url_meta":{"origin":7951,"position":1},"title":"Recursos para o envolvimento significativo de jovens em CLTs","author":"Ben Harris","date":"20 de novembro de 2024","format":false,"excerpt":"Por Richard Kruger Delgado O que realmente significa envolver os jovens de forma significativa em uma organiza\u00e7\u00e3o? Para organiza\u00e7\u00f5es como os CLTs, \u00e9 necess\u00e1rio mudar a perspectiva dos jovens de uma mera popula\u00e7\u00e3o a ser atendida para reconhec\u00ea-los como membros plenos da comunidade que podem participar da tomada de decis\u00f5es,\u2026","rel":"","context":"Em &quot;Blogs&quot;","block_context":{"text":"Blogs","link":"https:\/\/www.cltweb.org\/pt-br\/category\/blogs-pt-br\/"},"img":{"alt_text":"","src":"https:\/\/i0.wp.com\/www.cltweb.org\/wp-content\/uploads\/2024\/11\/Screenshot-2024-11-20-at-4.25.46%E2%80%AFPM.png?resize=350%2C200&ssl=1","width":350,"height":200,"srcset":"https:\/\/i0.wp.com\/www.cltweb.org\/wp-content\/uploads\/2024\/11\/Screenshot-2024-11-20-at-4.25.46%E2%80%AFPM.png?resize=350%2C200&ssl=1 1x, https:\/\/i0.wp.com\/www.cltweb.org\/wp-content\/uploads\/2024\/11\/Screenshot-2024-11-20-at-4.25.46%E2%80%AFPM.png?resize=525%2C300&ssl=1 1.5x, https:\/\/i0.wp.com\/www.cltweb.org\/wp-content\/uploads\/2024\/11\/Screenshot-2024-11-20-at-4.25.46%E2%80%AFPM.png?resize=700%2C400&ssl=1 2x"},"classes":[]},{"id":7685,"url":"https:\/\/www.cltweb.org\/es\/2024\/11\/11\/introduccion-al-poder-y-el-liderazgo-de-los-jovenes-en-la-practica-de-los-fideicomisos-de-la-tierra-comunitarios\/","url_meta":{"origin":7951,"position":2},"title":"Introducci\u00f3n al poder y el liderazgo de los j\u00f3venes en la pr\u00e1ctica de los fideicomisos de la tierra comunitarios","author":"Ben Harris","date":"11 de novembro de 2024","format":false,"excerpt":"Por Richard Kruger Delgado La siguiente contribuci\u00f3n ha sido escrita por Richard Kruger Delgado, Responsable de Educaci\u00f3n y Divulgaci\u00f3n del Centro Internacional de Fideicomisos Comunitarios de la Tierra, como contribuci\u00f3n al pr\u00f3ximo seminario web sobre \"Gestionar el futuro: Poder y liderazgo de los j\u00f3venes en la pr\u00e1ctica de los fideicomisos\u2026","rel":"","context":"Em &quot;Blogs&quot;","block_context":{"text":"Blogs","link":"https:\/\/www.cltweb.org\/es\/category\/blogs\/"},"img":{"alt_text":"","src":"https:\/\/i0.wp.com\/www.cltweb.org\/wp-content\/uploads\/2024\/11\/Screenshot-2024-11-11-at-5.46.26%E2%80%AFPM.png?resize=350%2C200&ssl=1","width":350,"height":200,"srcset":"https:\/\/i0.wp.com\/www.cltweb.org\/wp-content\/uploads\/2024\/11\/Screenshot-2024-11-11-at-5.46.26%E2%80%AFPM.png?resize=350%2C200&ssl=1 1x, https:\/\/i0.wp.com\/www.cltweb.org\/wp-content\/uploads\/2024\/11\/Screenshot-2024-11-11-at-5.46.26%E2%80%AFPM.png?resize=525%2C300&ssl=1 1.5x, https:\/\/i0.wp.com\/www.cltweb.org\/wp-content\/uploads\/2024\/11\/Screenshot-2024-11-11-at-5.46.26%E2%80%AFPM.png?resize=700%2C400&ssl=1 2x"},"classes":[]},{"id":7246,"url":"https:\/\/www.cltweb.org\/pt-br\/2024\/09\/03\/introducao-ao-uso-de-clts-para-fornecer-renovacao-de-energia-e-acessibilidade-permanente-a-moradias-existentes\/","url_meta":{"origin":7951,"position":3},"title":"Introdu\u00e7\u00e3o ao uso de CLTs para fornecer renova\u00e7\u00e3o de energia e acessibilidade permanente a moradias existentes","author":"cltredesign_0jp0l4","date":"3 de setembro de 2024","format":false,"excerpt":"A contribui\u00e7\u00e3o a seguir foi escrita por Richard Kruger Delgado, gerente de educa\u00e7\u00e3o e divulga\u00e7\u00e3o do International Center for Community Land Trusts, para apresentar o pr\u00f3ximo webinar em 25 de setembro. \"Estamos no neg\u00f3cio de 'n\u00e3o deixar as pessoas para tr\u00e1s'.\" - John Davis, Centro Internacional de Fundos de Terras\u2026","rel":"","context":"Em &quot;Blogs&quot;","block_context":{"text":"Blogs","link":"https:\/\/www.cltweb.org\/pt-br\/category\/blogs-pt-br\/"},"img":{"alt_text":"","src":"","width":0,"height":0},"classes":[]},{"id":6566,"url":"https:\/\/www.cltweb.org\/pt-br\/2024\/10\/21\/painel-de-discussao-sobre-o-uso-de-clts-para-fornecer-renovacao-de-energia-e-acessibilidade-permanente-as-moradias-existentes\/","url_meta":{"origin":7951,"position":4},"title":"Painel de discuss\u00e3o sobre o uso de CLTs para fornecer renova\u00e7\u00e3o de energia e acessibilidade permanente \u00e0s moradias existentes","author":"Ben Harris","date":"21 de outubro de 2024","format":false,"excerpt":"GRAVA\u00c7\u00c3O DO WEBINAR TRANSCRI\u00c7\u00c3O EM INGL\u00caS E FRANC\u00caS DESCRI\u00c7\u00c3O DO WEBINAR Na sequ\u00eancia do webinar de setembro, reunimos os apresentadores dos webinars anteriores para um painel de discuss\u00e3o de uma hora de dura\u00e7\u00e3o, no qual continuamos a desenvolver os estudos de caso do m\u00eas anterior, trabalhando com propriet\u00e1rios n\u00e3o CLT\u2026","rel":"","context":"Em &quot;N\u00e3o categorizado&quot;","block_context":{"text":"N\u00e3o categorizado","link":"https:\/\/www.cltweb.org\/pt-br\/category\/nao-categorizado\/"},"img":{"alt_text":"Jeanne Mosseray","src":"https:\/\/i0.wp.com\/www.cltweb.org\/wp-content\/uploads\/2024\/08\/jeanne_mosseray-254x300.jpg?resize=350%2C200&ssl=1","width":350,"height":200},"classes":[]},{"id":6569,"url":"https:\/\/www.cltweb.org\/pt-br\/2023\/02\/20\/fideicomissos-de-terra-e-agricultura-de-base-comunitaria\/","url_meta":{"origin":7951,"position":5},"title":"Fideicomissos de terra e agricultura de base comunit\u00e1ria","author":"cltredesign_0jp0l4","date":"20 de fevereiro de 2023","format":false,"excerpt":"Junte-se a n\u00f3s na ter\u00e7a-feira, 14 de mar\u00e7o, para um webinar sobre agricultura comunit\u00e1ria. Voc\u00ea ouvir\u00e1 os principais profissionais de land trust que lideram programas agr\u00edcolas inovadores, com uma discuss\u00e3o em seguida. O evento \u00e9 gratuito e todos s\u00e3o bem-vindos!","rel":"","context":"Em &quot;N\u00e3o categorizado&quot;","block_context":{"text":"N\u00e3o categorizado","link":"https:\/\/www.cltweb.org\/pt-br\/category\/nao-categorizado\/"},"img":{"alt_text":"Logotipo do Centro CLT","src":"https:\/\/i0.wp.com\/www.cltweb.org\/wp-content\/uploads\/2022\/06\/Prop-logo_Center-for-CLT-innovation_black-400x150-1-300x113.png?resize=350%2C200&ssl=1","width":350,"height":200},"classes":[]}],"_links":{"self":[{"href":"https:\/\/www.cltweb.org\/pt-br\/wp-json\/wp\/v2\/posts\/7951","targetHints":{"allow":["GET"]}}],"collection":[{"href":"https:\/\/www.cltweb.org\/pt-br\/wp-json\/wp\/v2\/posts"}],"about":[{"href":"https:\/\/www.cltweb.org\/pt-br\/wp-json\/wp\/v2\/types\/post"}],"author":[{"embeddable":true,"href":"https:\/\/www.cltweb.org\/pt-br\/wp-json\/wp\/v2\/users\/2"}],"replies":[{"embeddable":true,"href":"https:\/\/www.cltweb.org\/pt-br\/wp-json\/wp\/v2\/comments?post=7951"}],"version-history":[{"count":5,"href":"https:\/\/www.cltweb.org\/pt-br\/wp-json\/wp\/v2\/posts\/7951\/revisions"}],"predecessor-version":[{"id":7968,"href":"https:\/\/www.cltweb.org\/pt-br\/wp-json\/wp\/v2\/posts\/7951\/revisions\/7968"}],"wp:attachment":[{"href":"https:\/\/www.cltweb.org\/pt-br\/wp-json\/wp\/v2\/media?parent=7951"}],"wp:term":[{"taxonomy":"category","embeddable":true,"href":"https:\/\/www.cltweb.org\/pt-br\/wp-json\/wp\/v2\/categories?post=7951"},{"taxonomy":"post_tag","embeddable":true,"href":"https:\/\/www.cltweb.org\/pt-br\/wp-json\/wp\/v2\/tags?post=7951"}],"curies":[{"name":"wp","href":"https:\/\/api.w.org\/{rel}","templated":true}]}}