{"id":9521,"date":"2025-05-21T18:32:34","date_gmt":"2025-05-21T18:32:34","guid":{"rendered":"https:\/\/www.cltweb.org\/2025\/05\/21\/commons-for-justice-clts-em-todos-os-continentes-no-festival-internacional-de-habitacao-social\/"},"modified":"2025-05-22T14:19:33","modified_gmt":"2025-05-22T14:19:33","slug":"commons-for-justice-clts-em-todos-os-continentes-no-festival-internacional-de-habitacao-social","status":"publish","type":"post","link":"https:\/\/www.cltweb.org\/pt-br\/2025\/05\/21\/commons-for-justice-clts-em-todos-os-continentes-no-festival-internacional-de-habitacao-social\/","title":{"rendered":"Commons for Justice: CLTs em todos os continentes no Festival Internacional de Habita\u00e7\u00e3o Social"},"content":{"rendered":"\n<p>Em uma \u00e9poca marcada por crises habitacionais, mercados de terras extrativistas e crescente desigualdade, as comunidades de todo o mundo est\u00e3o recuperando os bens comuns. No 2025 International Social Housing Festival, em Dublin, Irlanda (4 a 6 de junho), a European Community Land Trust Network realizar\u00e1 um semin\u00e1rio de 105 minutos em parceria com o International Center for CLTs, que apresentar\u00e1 hist\u00f3rias reais de CLTs na Europa e nos EUA, tra\u00e7ando as origens do movimento na era dos Direitos Civis at\u00e9 seu papel hoje como uma ferramenta para a justi\u00e7a, moldada do zero \u00e0 medida que \u00e9 aplicada em novos contextos. Esta sess\u00e3o contar\u00e1 a hist\u00f3ria de uma abordagem de terra baseada em bens comuns que capacitou as comunidades desde os prim\u00f3rdios do movimento CLT at\u00e9 as novas fronteiras de hoje. Ela destacar\u00e1 os CLTs n\u00e3o apenas como uma estrat\u00e9gia t\u00e9cnica, mas como uma ferramenta poderosa para a justi\u00e7a baseada no local.   <\/p>\n\n<figure class=\"wp-block-image alignright size-full is-resized\"><img decoding=\"async\" src=\"https:\/\/www.cltweb.org\/wp-content\/uploads\/2025\/05\/ISHF-2025-2.png\" alt=\"\" class=\"wp-image-9492\" style=\"width:504px;height:auto\"\/><\/figure>\n\n<p>O International Center for CLTs preparar\u00e1 o palco com uma base hist\u00f3rica, relacionando o modelo CLT ao Movimento dos Direitos Civis dos EUA. Em seguida, palestrantes de toda a Europa compartilhar\u00e3o hist\u00f3rias de organiza\u00e7\u00e3o, parceria e persist\u00eancia em primeira m\u00e3o &#8211; de Londres a Barcelona e Cork. Essas narrativas destacar\u00e3o como as comunidades est\u00e3o usando a abordagem CLT para combater o desinvestimento, o excesso de turismo, a injusti\u00e7a energ\u00e9tica e a exclus\u00e3o estrutural. Por meio de suas hist\u00f3rias, os participantes do painel discutir\u00e3o a justi\u00e7a, o poder da comunidade e as pr\u00e1ticas democr\u00e1ticas que garantem a pr\u00e1tica significativa desses valores &#8211; agora e no futuro do movimento CLT. A Rede Europeia de CLT encerrar\u00e1 a sess\u00e3o com uma reflex\u00e3o sobre como fazer o movimento crescer na Europa sem perder o esp\u00edrito de baixo para cima que o torna transformador.    <\/p>\n\n<p>Organizada pela Rede Europeia de CLTs em parceria com o International Center for Community Land Trusts, esta sess\u00e3o apresentar\u00e1 hist\u00f3rias reais de CLTs na Europa e nos EUA, tra\u00e7ando as origens do movimento na era dos Direitos Civis at\u00e9 seu papel hoje como uma ferramenta para a justi\u00e7a, moldada a partir do zero \u00e0 medida que \u00e9 aplicada em novos contextos. Os membros do p\u00fablico tamb\u00e9m ter\u00e3o a chance de interagir diretamente com os palestrantes durante uma sess\u00e3o de perguntas e respostas ao vivo. <\/p>\n\n<h2 class=\"wp-block-heading\" id=\"h-meet-the-speakers\"><strong>Conhe\u00e7a os palestrantes<\/strong><\/h2>\n\n<h3 class=\"wp-block-heading\" id=\"h-keti-tskitishvili\"><strong>Keti Tskitishvili<\/strong><\/h3>\n\n<figure class=\"wp-block-image alignright size-full is-resized\"><img loading=\"lazy\" decoding=\"async\" width=\"750\" height=\"753\" src=\"https:\/\/www.cltweb.org\/wp-content\/uploads\/2025\/05\/Keti-Tskitishvili.jpg\" alt=\"\" class=\"wp-image-9500\" style=\"width:119px;height:auto\" srcset=\"https:\/\/www.cltweb.org\/wp-content\/uploads\/2025\/05\/Keti-Tskitishvili.jpg 750w, https:\/\/www.cltweb.org\/wp-content\/uploads\/2025\/05\/Keti-Tskitishvili-300x300.jpg 300w, https:\/\/www.cltweb.org\/wp-content\/uploads\/2025\/05\/Keti-Tskitishvili-150x150.jpg 150w\" sizes=\"auto, (max-width: 750px) 100vw, 750px\" \/><\/figure>\n\n<p><em>Diretora, <a href=\"https:\/\/www.clteurope.org\/\" target=\"_blank\" rel=\"noreferrer noopener\">Rede Europeia de CLT<\/a><br\/><\/em>Keti Tskitishvili \u00e9 Diretora da Rede Europeia de Community Land Trust, uma alian\u00e7a crescente de organiza\u00e7\u00f5es que reivindicam terras e moradias como bens comuns em toda a Europa. Sua carreira come\u00e7ou na Ge\u00f3rgia, onde trabalhou com deslocamento e inclus\u00e3o social ap\u00f3s conflitos internos. Desde ent\u00e3o, ela tem se concentrado em migra\u00e7\u00e3o, integra\u00e7\u00e3o e desenvolvimento liderado pela comunidade, combinando a vis\u00e3o pol\u00edtica com um profundo compromisso com a a\u00e7\u00e3o popular. Nascida na Ge\u00f3rgia e radicada em Bruxelas, ela se d\u00e1 bem em espa\u00e7os multil\u00edngues e multiculturais (e, muitas vezes, faz malabarismos com mais de um idioma e fuso hor\u00e1rio antes do caf\u00e9 da manh\u00e3). Seja orientando ativistas ou projetando novos modelos de governan\u00e7a, seu trabalho est\u00e1 sempre baseado na equidade, no acesso e na alegria. Ela acredita que os futuros sustent\u00e1veis s\u00e3o constru\u00eddos do zero &#8211; pelas comunidades, para as comunidades.     <\/p>\n\n<h3 class=\"wp-block-heading\" id=\"h-brenda-torpy\"><strong>Brenda Torpy<\/strong><\/h3>\n\n<figure class=\"wp-block-image alignright size-large is-resized\"><img loading=\"lazy\" decoding=\"async\" width=\"1024\" height=\"683\" src=\"https:\/\/www.cltweb.org\/wp-content\/uploads\/2025\/05\/Brenda_Torpy-photo-1024x683.jpg\" alt=\"\" class=\"wp-image-9504\" style=\"width:186px;height:auto\" srcset=\"https:\/\/www.cltweb.org\/wp-content\/uploads\/2025\/05\/Brenda_Torpy-photo-1024x683.jpg 1024w, https:\/\/www.cltweb.org\/wp-content\/uploads\/2025\/05\/Brenda_Torpy-photo-300x200.jpg 300w, https:\/\/www.cltweb.org\/wp-content\/uploads\/2025\/05\/Brenda_Torpy-photo-768x512.jpg 768w, https:\/\/www.cltweb.org\/wp-content\/uploads\/2025\/05\/Brenda_Torpy-photo-1536x1024.jpg 1536w, https:\/\/www.cltweb.org\/wp-content\/uploads\/2025\/05\/Brenda_Torpy-photo.jpg 1800w\" sizes=\"auto, (max-width: 1024px) 100vw, 1024px\" \/><\/figure>\n\n<p><em>Copresidente do International Center for CLTs; consultora l\u00edder do TA\\CHT na <a href=\"https:\/\/www.getahome.org\/\" target=\"_blank\" rel=\"noreferrer noopener\">Champlain Housing Trust<\/a><br\/><\/em>Brenda promoveu o modelo de condom\u00ednio em n\u00edvel local, nacional e internacional. Ela estabeleceu e liderou o Champlain Housing Trust, o maior CLT dos EUA por 29 anos, foi presidente da National CLT Network, membro da diretoria e diretora de sua sucessora, a Grounded Solutions Network e, desde 2005, ajudou a exportar o modelo para a Inglaterra, Canad\u00e1, B\u00e9lgica e Fran\u00e7a. Sob sua lideran\u00e7a, o CHT recebeu o pr\u00eamio World Habitat da ONU em 2008. Brenda foi L\u00edder da Funda\u00e7\u00e3o Ford para um Mundo em Transforma\u00e7\u00e3o em 2001, \u00e9 copresidente do International Center for CLTs e foi membro dos Comit\u00eas Consultivos do Boston Home Loan e do Federal Reserve Banks, al\u00e9m do Vermont Governor&#8217;s Housing Council. Atualmente, Brenda presta assist\u00eancia t\u00e9cnica a governos locais, grupos de cidad\u00e3os e organiza\u00e7\u00f5es sem fins lucrativos como consultora l\u00edder da TA\\ CHT.    <\/p>\n\n<h3 class=\"wp-block-heading\" id=\"h-juliet-can\"><strong>Juliet Can<\/strong><\/h3>\n\n<figure class=\"wp-block-image alignright size-full is-resized\"><img loading=\"lazy\" decoding=\"async\" width=\"494\" height=\"494\" src=\"https:\/\/www.cltweb.org\/wp-content\/uploads\/2025\/05\/Juliet-Can.jpeg\" alt=\"\" class=\"wp-image-9508\" style=\"width:143px;height:auto\" srcset=\"https:\/\/www.cltweb.org\/wp-content\/uploads\/2025\/05\/Juliet-Can.jpeg 494w, https:\/\/www.cltweb.org\/wp-content\/uploads\/2025\/05\/Juliet-Can-300x300.jpeg 300w, https:\/\/www.cltweb.org\/wp-content\/uploads\/2025\/05\/Juliet-Can-150x150.jpeg 150w\" sizes=\"auto, (max-width: 494px) 100vw, 494px\" \/><\/figure>\n\n<p><em>Membro da Diretoria, Rede Europeia de CLT e <a href=\"https:\/\/www.londonclt.org\/\" target=\"_blank\" rel=\"noreferrer noopener\">London CLT<\/a><br\/><\/em>Juliet Can \u00e9 londrina, residente da London CLT e membro da diretoria da London CLT e da Rede Europeia de CLT. Sua jornada na habita\u00e7\u00e3o liderada pela comunidade est\u00e1 enraizada em sua paix\u00e3o pelo desenvolvimento equitativo, e sua experi\u00eancia vivida traz uma voz poderosa para o crescente movimento CLT no Reino Unido. Juliet fala com frequ\u00eancia sobre o legado e a inova\u00e7\u00e3o do ativismo habitacional liderado por negros na Gr\u00e3-Bretanha, fazendo a ponte entre as lutas do passado e a organiza\u00e7\u00e3o atual.  <\/p>\n\n<h3 class=\"wp-block-heading\" id=\"h-adria-garcia-i-mateu\"><strong>Adri\u00e0 Garcia i Mateu<\/strong><\/h3>\n\n<figure class=\"wp-block-image alignright size-large is-resized\"><img loading=\"lazy\" decoding=\"async\" width=\"1024\" height=\"893\" src=\"https:\/\/www.cltweb.org\/wp-content\/uploads\/2025\/05\/@adriagm-1024x893.png\" alt=\"\" class=\"wp-image-9512\" style=\"width:182px;height:auto\" srcset=\"https:\/\/www.cltweb.org\/wp-content\/uploads\/2025\/05\/@adriagm-1024x893.png 1024w, https:\/\/www.cltweb.org\/wp-content\/uploads\/2025\/05\/@adriagm-300x262.png 300w, https:\/\/www.cltweb.org\/wp-content\/uploads\/2025\/05\/@adriagm-768x670.png 768w, https:\/\/www.cltweb.org\/wp-content\/uploads\/2025\/05\/@adriagm.png 1032w\" sizes=\"auto, (max-width: 1024px) 100vw, 1024px\" \/><\/figure>\n\n<p><em>Membro do Conselho, Rede Europeia CLT; Membro, <a href=\"http:\/\/www.laborda.coop\/en\/home\/\" target=\"_blank\" rel=\"noreferrer noopener\">Cooperativa Habitacional La Borda<\/a>; Membro, <a href=\"https:\/\/xes.cat\/\" target=\"_blank\" rel=\"noreferrer noopener\">Rede de Economia Solid\u00e1ria da Catalunha (XES)<\/a><br\/><\/em>Adri\u00e0 \u00e9 designer e ativista envolvido em projetos que possibilitam a vida cotidiana de transi\u00e7\u00f5es sustent\u00e1veis justas. Ele \u00e9 membro fundador da cooperativa habitacional La Borda, membro fundador do comit\u00ea habitacional da Rede de Economia Solid\u00e1ria da Catalunha (XES) e membro fundador da holon, uma ag\u00eancia de design cooperativo sem fins lucrativos que apoia organiza\u00e7\u00f5es l\u00edderes na transi\u00e7\u00e3o justa. Atualmente, ele est\u00e1 fazendo um doutorado em design de pol\u00edticas e transi\u00e7\u00f5es pela Open University of Catalonia.  <\/p>\n\n<h3 class=\"wp-block-heading\" id=\"h-dr-eve-olney\"><strong>Dra. Eve Olney<\/strong><\/h3>\n\n<figure class=\"wp-block-image alignright size-large is-resized\"><img loading=\"lazy\" decoding=\"async\" width=\"891\" height=\"1024\" src=\"https:\/\/www.cltweb.org\/wp-content\/uploads\/2025\/05\/Eve-Olney-891x1024.jpeg\" alt=\"\" class=\"wp-image-9516\" style=\"width:161px;height:auto\" srcset=\"https:\/\/www.cltweb.org\/wp-content\/uploads\/2025\/05\/Eve-Olney-891x1024.jpeg 891w, https:\/\/www.cltweb.org\/wp-content\/uploads\/2025\/05\/Eve-Olney-261x300.jpeg 261w, https:\/\/www.cltweb.org\/wp-content\/uploads\/2025\/05\/Eve-Olney-768x883.jpeg 768w, https:\/\/www.cltweb.org\/wp-content\/uploads\/2025\/05\/Eve-Olney-1337x1536.jpeg 1337w, https:\/\/www.cltweb.org\/wp-content\/uploads\/2025\/05\/Eve-Olney.jpeg 1488w\" sizes=\"auto, (max-width: 891px) 100vw, 891px\" \/><\/figure>\n\n<p><em>Membro do Comit\u00ea de Dire\u00e7\u00e3o do <a href=\"https:\/\/www.cclt.ie\/\" target=\"_blank\" rel=\"noreferrer noopener\">Cork CLT<\/a>; cofundadora do<a href=\"https:\/\/www.thelivingcommons.com\/radical-institute\" target=\"_blank\" rel=\"noreferrer noopener\"> Living Commons e do Radical Institute<\/a><br\/><\/em>A Dra. Eve Olney \u00e9 produtora criativa, mentora, escritora e pesquisadora baseada na pr\u00e1tica socialmente engajada. Sua pr\u00e1tica incorpora uma abordagem etnogr\u00e1fica ecol\u00f3gica social \u00e0 mudan\u00e7a social por meio da pr\u00e1tica criativa colaborativa na constru\u00e7\u00e3o da comunidade. Ela \u00e9 membro fundador do comit\u00ea de dire\u00e7\u00e3o do Cork Community Land Trust (CCLT). Foi cofundadora do espa\u00e7o criativo comunit\u00e1rio The Living Commons, com sede em Cork, e do Radical Institute (com a Dra. Krini Kafiris), uma iniciativa transnacional de orienta\u00e7\u00e3o e treinamento que explora como as artes e a pr\u00e1tica cultural podem promover e sustentar mudan\u00e7as sociais e ecol\u00f3gicas radicais. Ela lidera o Traveller Tenancy Participatory Programme for the (TAU), Cork City Council.    <\/p>\n","protected":false},"excerpt":{"rendered":"<p>Em uma \u00e9poca marcada por crises habitacionais, mercados de terras extrativistas e crescente desigualdade, as comunidades de todo o mundo est\u00e3o recuperando os bens comuns. No 2025 International Social Housing [&hellip;]<\/p>\n","protected":false},"author":2,"featured_media":9494,"comment_status":"closed","ping_status":"open","sticky":false,"template":"","format":"standard","meta":{"give_campaign_id":0,"_tec_requires_first_save":true,"_kad_blocks_custom_css":"","_kad_blocks_head_custom_js":"","_kad_blocks_body_custom_js":"","_kad_blocks_footer_custom_js":"","_EventAllDay":false,"_EventTimezone":"","_EventStartDate":"","_EventEndDate":"","_EventStartDateUTC":"","_EventEndDateUTC":"","_EventShowMap":false,"_EventShowMapLink":false,"_EventURL":"","_EventCost":"","_EventCostDescription":"","_EventCurrencySymbol":"","_EventCurrencyCode":"","_EventCurrencyPosition":"","_EventDateTimeSeparator":"","_EventTimeRangeSeparator":"","_EventOrganizerID":[],"_EventVenueID":[],"_OrganizerEmail":"","_OrganizerPhone":"","_OrganizerWebsite":"","_VenueAddress":"","_VenueCity":"","_VenueCountry":"","_VenueProvince":"","_VenueState":"","_VenueZip":"","_VenuePhone":"","_VenueURL":"","_VenueStateProvince":"","_VenueLat":"","_VenueLng":"","_VenueShowMap":false,"_VenueShowMapLink":false,"_tribe_blocks_recurrence_rules":"","_tribe_blocks_recurrence_description":"","_tribe_blocks_recurrence_exclusions":"","_jetpack_memberships_contains_paid_content":false,"footnotes":""},"categories":[291],"tags":[334,332,333],"class_list":["post-9521","post","type-post","status-publish","format-standard","has-post-thumbnail","hentry","category-blogs-pt-br","tag-conferencia","tag-fundo-de-terras-comunitario","tag-ishf-pt-br"],"blocksy_meta":[],"yoast_head":"<!-- This site is optimized with the Yoast SEO Premium plugin v27.5 (Yoast SEO v27.5) - https:\/\/yoast.com\/product\/yoast-seo-premium-wordpress\/ -->\n<title>Commons for Justice: CLTs em todos os continentes no Festival Internacional de Habita\u00e7\u00e3o Social - International Center for Community Land Trusts<\/title>\n<meta name=\"description\" content=\"Explore o poder transformador da moradia e dos fundos fiduci\u00e1rios comunit\u00e1rios para a justi\u00e7a social no pr\u00f3ximo semin\u00e1rio em Dublin.\" \/>\n<meta name=\"robots\" content=\"index, follow, max-snippet:-1, max-image-preview:large, max-video-preview:-1\" \/>\n<link rel=\"canonical\" href=\"https:\/\/www.cltweb.org\/pt-br\/2025\/05\/21\/commons-for-justice-clts-em-todos-os-continentes-no-festival-internacional-de-habitacao-social\/\" \/>\n<meta property=\"og:locale\" content=\"pt_BR\" \/>\n<meta property=\"og:type\" content=\"article\" \/>\n<meta property=\"og:title\" content=\"Commons for Justice: CLTs em todos os continentes no Festival Internacional de Habita\u00e7\u00e3o Social\" \/>\n<meta property=\"og:description\" content=\"Explore o poder transformador da moradia e dos fundos fiduci\u00e1rios comunit\u00e1rios para a justi\u00e7a social no pr\u00f3ximo semin\u00e1rio em Dublin.\" \/>\n<meta property=\"og:url\" content=\"https:\/\/www.cltweb.org\/pt-br\/2025\/05\/21\/commons-for-justice-clts-em-todos-os-continentes-no-festival-internacional-de-habitacao-social\/\" \/>\n<meta property=\"og:site_name\" content=\"International Center for Community Land Trusts\" \/>\n<meta property=\"article:publisher\" content=\"https:\/\/www.facebook.com\/cltcenter\" \/>\n<meta property=\"article:published_time\" content=\"2025-05-21T18:32:34+00:00\" \/>\n<meta property=\"article:modified_time\" content=\"2025-05-22T14:19:33+00:00\" \/>\n<meta property=\"og:image\" content=\"https:\/\/www.cltweb.org\/wp-content\/uploads\/2025\/05\/ISHF-2025-2.png\" \/>\n\t<meta property=\"og:image:width\" content=\"1\" \/>\n\t<meta property=\"og:image:height\" content=\"1\" \/>\n\t<meta property=\"og:image:type\" content=\"image\/png\" \/>\n<meta name=\"author\" content=\"Ben Harris\" \/>\n<meta name=\"twitter:card\" content=\"summary_large_image\" \/>\n<meta name=\"twitter:creator\" content=\"@Center4CLTs\" \/>\n<meta name=\"twitter:site\" content=\"@Center4CLTs\" \/>\n<meta name=\"twitter:label1\" content=\"Escrito por\" \/>\n\t<meta name=\"twitter:data1\" content=\"Ben Harris\" \/>\n\t<meta name=\"twitter:label2\" content=\"Est. tempo de leitura\" \/>\n\t<meta name=\"twitter:data2\" content=\"5 minutos\" \/>\n<script type=\"application\/ld+json\" class=\"yoast-schema-graph\">{\"@context\":\"https:\\\/\\\/schema.org\",\"@graph\":[{\"@type\":\"Article\",\"@id\":\"https:\\\/\\\/www.cltweb.org\\\/pt-br\\\/2025\\\/05\\\/21\\\/commons-for-justice-clts-em-todos-os-continentes-no-festival-internacional-de-habitacao-social\\\/#article\",\"isPartOf\":{\"@id\":\"https:\\\/\\\/www.cltweb.org\\\/pt-br\\\/2025\\\/05\\\/21\\\/commons-for-justice-clts-em-todos-os-continentes-no-festival-internacional-de-habitacao-social\\\/\"},\"author\":{\"name\":\"Ben Harris\",\"@id\":\"https:\\\/\\\/www.cltweb.org\\\/pt-br\\\/#\\\/schema\\\/person\\\/7c9fe56cc945e4b57585dbfe30f2ead4\"},\"headline\":\"Commons for Justice: CLTs em todos os continentes no Festival Internacional de Habita\u00e7\u00e3o Social\",\"datePublished\":\"2025-05-21T18:32:34+00:00\",\"dateModified\":\"2025-05-22T14:19:33+00:00\",\"mainEntityOfPage\":{\"@id\":\"https:\\\/\\\/www.cltweb.org\\\/pt-br\\\/2025\\\/05\\\/21\\\/commons-for-justice-clts-em-todos-os-continentes-no-festival-internacional-de-habitacao-social\\\/\"},\"wordCount\":1109,\"publisher\":{\"@id\":\"https:\\\/\\\/www.cltweb.org\\\/pt-br\\\/#organization\"},\"image\":{\"@id\":\"https:\\\/\\\/www.cltweb.org\\\/pt-br\\\/2025\\\/05\\\/21\\\/commons-for-justice-clts-em-todos-os-continentes-no-festival-internacional-de-habitacao-social\\\/#primaryimage\"},\"thumbnailUrl\":\"https:\\\/\\\/www.cltweb.org\\\/wp-content\\\/uploads\\\/2025\\\/05\\\/ISHF-2025-2.png\",\"keywords\":[\"confer\u00eancia\",\"fundo de terras comunit\u00e1rio\",\"ishf\"],\"articleSection\":[\"Blogs\"],\"inLanguage\":\"pt-BR\"},{\"@type\":\"WebPage\",\"@id\":\"https:\\\/\\\/www.cltweb.org\\\/pt-br\\\/2025\\\/05\\\/21\\\/commons-for-justice-clts-em-todos-os-continentes-no-festival-internacional-de-habitacao-social\\\/\",\"url\":\"https:\\\/\\\/www.cltweb.org\\\/pt-br\\\/2025\\\/05\\\/21\\\/commons-for-justice-clts-em-todos-os-continentes-no-festival-internacional-de-habitacao-social\\\/\",\"name\":\"Commons for Justice: CLTs em todos os continentes no Festival Internacional de Habita\u00e7\u00e3o Social - International Center for Community Land Trusts\",\"isPartOf\":{\"@id\":\"https:\\\/\\\/www.cltweb.org\\\/pt-br\\\/#website\"},\"primaryImageOfPage\":{\"@id\":\"https:\\\/\\\/www.cltweb.org\\\/pt-br\\\/2025\\\/05\\\/21\\\/commons-for-justice-clts-em-todos-os-continentes-no-festival-internacional-de-habitacao-social\\\/#primaryimage\"},\"image\":{\"@id\":\"https:\\\/\\\/www.cltweb.org\\\/pt-br\\\/2025\\\/05\\\/21\\\/commons-for-justice-clts-em-todos-os-continentes-no-festival-internacional-de-habitacao-social\\\/#primaryimage\"},\"thumbnailUrl\":\"https:\\\/\\\/www.cltweb.org\\\/wp-content\\\/uploads\\\/2025\\\/05\\\/ISHF-2025-2.png\",\"datePublished\":\"2025-05-21T18:32:34+00:00\",\"dateModified\":\"2025-05-22T14:19:33+00:00\",\"description\":\"Explore o poder transformador da moradia e dos fundos fiduci\u00e1rios comunit\u00e1rios para a justi\u00e7a social no pr\u00f3ximo semin\u00e1rio em Dublin.\",\"breadcrumb\":{\"@id\":\"https:\\\/\\\/www.cltweb.org\\\/pt-br\\\/2025\\\/05\\\/21\\\/commons-for-justice-clts-em-todos-os-continentes-no-festival-internacional-de-habitacao-social\\\/#breadcrumb\"},\"inLanguage\":\"pt-BR\",\"potentialAction\":[{\"@type\":\"ReadAction\",\"target\":[\"https:\\\/\\\/www.cltweb.org\\\/pt-br\\\/2025\\\/05\\\/21\\\/commons-for-justice-clts-em-todos-os-continentes-no-festival-internacional-de-habitacao-social\\\/\"]}]},{\"@type\":\"ImageObject\",\"inLanguage\":\"pt-BR\",\"@id\":\"https:\\\/\\\/www.cltweb.org\\\/pt-br\\\/2025\\\/05\\\/21\\\/commons-for-justice-clts-em-todos-os-continentes-no-festival-internacional-de-habitacao-social\\\/#primaryimage\",\"url\":\"https:\\\/\\\/www.cltweb.org\\\/wp-content\\\/uploads\\\/2025\\\/05\\\/ISHF-2025-2.png\",\"contentUrl\":\"https:\\\/\\\/www.cltweb.org\\\/wp-content\\\/uploads\\\/2025\\\/05\\\/ISHF-2025-2.png\"},{\"@type\":\"BreadcrumbList\",\"@id\":\"https:\\\/\\\/www.cltweb.org\\\/pt-br\\\/2025\\\/05\\\/21\\\/commons-for-justice-clts-em-todos-os-continentes-no-festival-internacional-de-habitacao-social\\\/#breadcrumb\",\"itemListElement\":[{\"@type\":\"ListItem\",\"position\":1,\"name\":\"Home\",\"item\":\"https:\\\/\\\/www.cltweb.org\\\/pt-br\\\/\"},{\"@type\":\"ListItem\",\"position\":2,\"name\":\"Commons for Justice: CLTs em todos os continentes no Festival Internacional de Habita\u00e7\u00e3o Social\"}]},{\"@type\":\"WebSite\",\"@id\":\"https:\\\/\\\/www.cltweb.org\\\/pt-br\\\/#website\",\"url\":\"https:\\\/\\\/www.cltweb.org\\\/pt-br\\\/\",\"name\":\"International Center for Community Land Trusts\",\"description\":\"\",\"publisher\":{\"@id\":\"https:\\\/\\\/www.cltweb.org\\\/pt-br\\\/#organization\"},\"potentialAction\":[{\"@type\":\"SearchAction\",\"target\":{\"@type\":\"EntryPoint\",\"urlTemplate\":\"https:\\\/\\\/www.cltweb.org\\\/pt-br\\\/?s={search_term_string}\"},\"query-input\":{\"@type\":\"PropertyValueSpecification\",\"valueRequired\":true,\"valueName\":\"search_term_string\"}}],\"inLanguage\":\"pt-BR\"},{\"@type\":\"Organization\",\"@id\":\"https:\\\/\\\/www.cltweb.org\\\/pt-br\\\/#organization\",\"name\":\"International Center for Community Land Trusts\",\"url\":\"https:\\\/\\\/www.cltweb.org\\\/pt-br\\\/\",\"logo\":{\"@type\":\"ImageObject\",\"inLanguage\":\"pt-BR\",\"@id\":\"https:\\\/\\\/www.cltweb.org\\\/pt-br\\\/#\\\/schema\\\/logo\\\/image\\\/\",\"url\":\"https:\\\/\\\/www.cltweb.org\\\/wp-content\\\/uploads\\\/2024\\\/11\\\/New-CLT-Center-Text-logo.png\",\"contentUrl\":\"https:\\\/\\\/www.cltweb.org\\\/wp-content\\\/uploads\\\/2024\\\/11\\\/New-CLT-Center-Text-logo.png\",\"width\":227,\"height\":80,\"caption\":\"International Center for Community Land Trusts\"},\"image\":{\"@id\":\"https:\\\/\\\/www.cltweb.org\\\/pt-br\\\/#\\\/schema\\\/logo\\\/image\\\/\"},\"sameAs\":[\"https:\\\/\\\/www.facebook.com\\\/cltcenter\",\"https:\\\/\\\/x.com\\\/Center4CLTs\",\"https:\\\/\\\/www.instagram.com\\\/cltcenter\\\/\",\"https:\\\/\\\/www.linkedin.com\\\/company\\\/cltcenter\",\"https:\\\/\\\/www.youtube.com\\\/@centerforcltinnovation5313\"],\"description\":\"The International Center for Community Land Trusts is a not-for-profit nongovernmental organization established in 2018 to promote and to support community land trusts and similar strategies of community-led development on community-owned land in countries throughout the world.\",\"email\":\"info@communitylandtrust.net\",\"legalName\":\"International Center for Community Land Trusts\",\"foundingDate\":\"2018-12-01\",\"taxID\":\"84-3858933\",\"numberOfEmployees\":{\"@type\":\"QuantitativeValue\",\"minValue\":\"1\",\"maxValue\":\"10\"}},{\"@type\":\"Person\",\"@id\":\"https:\\\/\\\/www.cltweb.org\\\/pt-br\\\/#\\\/schema\\\/person\\\/7c9fe56cc945e4b57585dbfe30f2ead4\",\"name\":\"Ben Harris\",\"image\":{\"@type\":\"ImageObject\",\"inLanguage\":\"pt-BR\",\"@id\":\"https:\\\/\\\/secure.gravatar.com\\\/avatar\\\/12a44d8988553548c22c57da673ee8ffb7e0b87b0197beec533bae3061a92cc5?s=96&d=mm&r=g\",\"url\":\"https:\\\/\\\/secure.gravatar.com\\\/avatar\\\/12a44d8988553548c22c57da673ee8ffb7e0b87b0197beec533bae3061a92cc5?s=96&d=mm&r=g\",\"contentUrl\":\"https:\\\/\\\/secure.gravatar.com\\\/avatar\\\/12a44d8988553548c22c57da673ee8ffb7e0b87b0197beec533bae3061a92cc5?s=96&d=mm&r=g\",\"caption\":\"Ben Harris\"},\"url\":\"https:\\\/\\\/www.cltweb.org\\\/pt-br\\\/author\\\/ben\\\/\"}]}<\/script>\n<!-- \/ Yoast SEO Premium plugin. -->","yoast_head_json":{"title":"Commons for Justice: CLTs em todos os continentes no Festival Internacional de Habita\u00e7\u00e3o Social - International Center for Community Land Trusts","description":"Explore o poder transformador da moradia e dos fundos fiduci\u00e1rios comunit\u00e1rios para a justi\u00e7a social no pr\u00f3ximo semin\u00e1rio em Dublin.","robots":{"index":"index","follow":"follow","max-snippet":"max-snippet:-1","max-image-preview":"max-image-preview:large","max-video-preview":"max-video-preview:-1"},"canonical":"https:\/\/www.cltweb.org\/pt-br\/2025\/05\/21\/commons-for-justice-clts-em-todos-os-continentes-no-festival-internacional-de-habitacao-social\/","og_locale":"pt_BR","og_type":"article","og_title":"Commons for Justice: CLTs em todos os continentes no Festival Internacional de Habita\u00e7\u00e3o Social","og_description":"Explore o poder transformador da moradia e dos fundos fiduci\u00e1rios comunit\u00e1rios para a justi\u00e7a social no pr\u00f3ximo semin\u00e1rio em Dublin.","og_url":"https:\/\/www.cltweb.org\/pt-br\/2025\/05\/21\/commons-for-justice-clts-em-todos-os-continentes-no-festival-internacional-de-habitacao-social\/","og_site_name":"International Center for Community Land Trusts","article_publisher":"https:\/\/www.facebook.com\/cltcenter","article_published_time":"2025-05-21T18:32:34+00:00","article_modified_time":"2025-05-22T14:19:33+00:00","og_image":[{"url":"https:\/\/www.cltweb.org\/wp-content\/uploads\/2025\/05\/ISHF-2025-2.png","width":1,"height":1,"type":"image\/png"}],"author":"Ben Harris","twitter_card":"summary_large_image","twitter_creator":"@Center4CLTs","twitter_site":"@Center4CLTs","twitter_misc":{"Escrito por":"Ben Harris","Est. tempo de leitura":"5 minutos"},"schema":{"@context":"https:\/\/schema.org","@graph":[{"@type":"Article","@id":"https:\/\/www.cltweb.org\/pt-br\/2025\/05\/21\/commons-for-justice-clts-em-todos-os-continentes-no-festival-internacional-de-habitacao-social\/#article","isPartOf":{"@id":"https:\/\/www.cltweb.org\/pt-br\/2025\/05\/21\/commons-for-justice-clts-em-todos-os-continentes-no-festival-internacional-de-habitacao-social\/"},"author":{"name":"Ben Harris","@id":"https:\/\/www.cltweb.org\/pt-br\/#\/schema\/person\/7c9fe56cc945e4b57585dbfe30f2ead4"},"headline":"Commons for Justice: CLTs em todos os continentes no Festival Internacional de Habita\u00e7\u00e3o Social","datePublished":"2025-05-21T18:32:34+00:00","dateModified":"2025-05-22T14:19:33+00:00","mainEntityOfPage":{"@id":"https:\/\/www.cltweb.org\/pt-br\/2025\/05\/21\/commons-for-justice-clts-em-todos-os-continentes-no-festival-internacional-de-habitacao-social\/"},"wordCount":1109,"publisher":{"@id":"https:\/\/www.cltweb.org\/pt-br\/#organization"},"image":{"@id":"https:\/\/www.cltweb.org\/pt-br\/2025\/05\/21\/commons-for-justice-clts-em-todos-os-continentes-no-festival-internacional-de-habitacao-social\/#primaryimage"},"thumbnailUrl":"https:\/\/www.cltweb.org\/wp-content\/uploads\/2025\/05\/ISHF-2025-2.png","keywords":["confer\u00eancia","fundo de terras comunit\u00e1rio","ishf"],"articleSection":["Blogs"],"inLanguage":"pt-BR"},{"@type":"WebPage","@id":"https:\/\/www.cltweb.org\/pt-br\/2025\/05\/21\/commons-for-justice-clts-em-todos-os-continentes-no-festival-internacional-de-habitacao-social\/","url":"https:\/\/www.cltweb.org\/pt-br\/2025\/05\/21\/commons-for-justice-clts-em-todos-os-continentes-no-festival-internacional-de-habitacao-social\/","name":"Commons for Justice: CLTs em todos os continentes no Festival Internacional de Habita\u00e7\u00e3o Social - International Center for Community Land Trusts","isPartOf":{"@id":"https:\/\/www.cltweb.org\/pt-br\/#website"},"primaryImageOfPage":{"@id":"https:\/\/www.cltweb.org\/pt-br\/2025\/05\/21\/commons-for-justice-clts-em-todos-os-continentes-no-festival-internacional-de-habitacao-social\/#primaryimage"},"image":{"@id":"https:\/\/www.cltweb.org\/pt-br\/2025\/05\/21\/commons-for-justice-clts-em-todos-os-continentes-no-festival-internacional-de-habitacao-social\/#primaryimage"},"thumbnailUrl":"https:\/\/www.cltweb.org\/wp-content\/uploads\/2025\/05\/ISHF-2025-2.png","datePublished":"2025-05-21T18:32:34+00:00","dateModified":"2025-05-22T14:19:33+00:00","description":"Explore o poder transformador da moradia e dos fundos fiduci\u00e1rios comunit\u00e1rios para a justi\u00e7a social no pr\u00f3ximo semin\u00e1rio em Dublin.","breadcrumb":{"@id":"https:\/\/www.cltweb.org\/pt-br\/2025\/05\/21\/commons-for-justice-clts-em-todos-os-continentes-no-festival-internacional-de-habitacao-social\/#breadcrumb"},"inLanguage":"pt-BR","potentialAction":[{"@type":"ReadAction","target":["https:\/\/www.cltweb.org\/pt-br\/2025\/05\/21\/commons-for-justice-clts-em-todos-os-continentes-no-festival-internacional-de-habitacao-social\/"]}]},{"@type":"ImageObject","inLanguage":"pt-BR","@id":"https:\/\/www.cltweb.org\/pt-br\/2025\/05\/21\/commons-for-justice-clts-em-todos-os-continentes-no-festival-internacional-de-habitacao-social\/#primaryimage","url":"https:\/\/www.cltweb.org\/wp-content\/uploads\/2025\/05\/ISHF-2025-2.png","contentUrl":"https:\/\/www.cltweb.org\/wp-content\/uploads\/2025\/05\/ISHF-2025-2.png"},{"@type":"BreadcrumbList","@id":"https:\/\/www.cltweb.org\/pt-br\/2025\/05\/21\/commons-for-justice-clts-em-todos-os-continentes-no-festival-internacional-de-habitacao-social\/#breadcrumb","itemListElement":[{"@type":"ListItem","position":1,"name":"Home","item":"https:\/\/www.cltweb.org\/pt-br\/"},{"@type":"ListItem","position":2,"name":"Commons for Justice: CLTs em todos os continentes no Festival Internacional de Habita\u00e7\u00e3o Social"}]},{"@type":"WebSite","@id":"https:\/\/www.cltweb.org\/pt-br\/#website","url":"https:\/\/www.cltweb.org\/pt-br\/","name":"International Center for Community Land Trusts","description":"","publisher":{"@id":"https:\/\/www.cltweb.org\/pt-br\/#organization"},"potentialAction":[{"@type":"SearchAction","target":{"@type":"EntryPoint","urlTemplate":"https:\/\/www.cltweb.org\/pt-br\/?s={search_term_string}"},"query-input":{"@type":"PropertyValueSpecification","valueRequired":true,"valueName":"search_term_string"}}],"inLanguage":"pt-BR"},{"@type":"Organization","@id":"https:\/\/www.cltweb.org\/pt-br\/#organization","name":"International Center for Community Land Trusts","url":"https:\/\/www.cltweb.org\/pt-br\/","logo":{"@type":"ImageObject","inLanguage":"pt-BR","@id":"https:\/\/www.cltweb.org\/pt-br\/#\/schema\/logo\/image\/","url":"https:\/\/www.cltweb.org\/wp-content\/uploads\/2024\/11\/New-CLT-Center-Text-logo.png","contentUrl":"https:\/\/www.cltweb.org\/wp-content\/uploads\/2024\/11\/New-CLT-Center-Text-logo.png","width":227,"height":80,"caption":"International Center for Community Land Trusts"},"image":{"@id":"https:\/\/www.cltweb.org\/pt-br\/#\/schema\/logo\/image\/"},"sameAs":["https:\/\/www.facebook.com\/cltcenter","https:\/\/x.com\/Center4CLTs","https:\/\/www.instagram.com\/cltcenter\/","https:\/\/www.linkedin.com\/company\/cltcenter","https:\/\/www.youtube.com\/@centerforcltinnovation5313"],"description":"The International Center for Community Land Trusts is a not-for-profit nongovernmental organization established in 2018 to promote and to support community land trusts and similar strategies of community-led development on community-owned land in countries throughout the world.","email":"info@communitylandtrust.net","legalName":"International Center for Community Land Trusts","foundingDate":"2018-12-01","taxID":"84-3858933","numberOfEmployees":{"@type":"QuantitativeValue","minValue":"1","maxValue":"10"}},{"@type":"Person","@id":"https:\/\/www.cltweb.org\/pt-br\/#\/schema\/person\/7c9fe56cc945e4b57585dbfe30f2ead4","name":"Ben Harris","image":{"@type":"ImageObject","inLanguage":"pt-BR","@id":"https:\/\/secure.gravatar.com\/avatar\/12a44d8988553548c22c57da673ee8ffb7e0b87b0197beec533bae3061a92cc5?s=96&d=mm&r=g","url":"https:\/\/secure.gravatar.com\/avatar\/12a44d8988553548c22c57da673ee8ffb7e0b87b0197beec533bae3061a92cc5?s=96&d=mm&r=g","contentUrl":"https:\/\/secure.gravatar.com\/avatar\/12a44d8988553548c22c57da673ee8ffb7e0b87b0197beec533bae3061a92cc5?s=96&d=mm&r=g","caption":"Ben Harris"},"url":"https:\/\/www.cltweb.org\/pt-br\/author\/ben\/"}]}},"taxonomy_info":{"category":[{"value":291,"label":"Blogs"}],"post_tag":[{"value":334,"label":"confer\u00eancia"},{"value":332,"label":"fundo de terras comunit\u00e1rio"},{"value":333,"label":"ishf"}]},"featured_image_src_large":["https:\/\/www.cltweb.org\/wp-content\/uploads\/2025\/05\/ISHF-2025-2.png",1,1,false],"author_info":{"display_name":"Ben Harris","author_link":"https:\/\/www.cltweb.org\/pt-br\/author\/ben\/"},"comment_info":0,"category_info":[{"term_id":291,"name":"Blogs","slug":"blogs-pt-br","term_group":0,"term_taxonomy_id":291,"taxonomy":"category","description":"","parent":0,"count":13,"filter":"raw","cat_ID":291,"category_count":13,"category_description":"","cat_name":"Blogs","category_nicename":"blogs-pt-br","category_parent":0}],"tag_info":[{"term_id":334,"name":"confer\u00eancia","slug":"conferencia","term_group":0,"term_taxonomy_id":334,"taxonomy":"post_tag","description":"","parent":0,"count":1,"filter":"raw"},{"term_id":332,"name":"fundo de terras comunit\u00e1rio","slug":"fundo-de-terras-comunitario","term_group":0,"term_taxonomy_id":332,"taxonomy":"post_tag","description":"","parent":0,"count":17,"filter":"raw"},{"term_id":333,"name":"ishf","slug":"ishf-pt-br","term_group":0,"term_taxonomy_id":333,"taxonomy":"post_tag","description":"","parent":0,"count":1,"filter":"raw"}],"jetpack_featured_media_url":"https:\/\/www.cltweb.org\/wp-content\/uploads\/2025\/05\/ISHF-2025-2.png","jetpack_sharing_enabled":true,"jetpack-related-posts":[{"id":10897,"url":"https:\/\/www.cltweb.org\/pt-br\/2025\/12\/08\/terra-nostra-press-e-a-memoria-do-movimento-clt\/","url_meta":{"origin":9521,"position":0},"title":"Terra Nostra Press e a mem\u00f3ria do movimento CLT","author":"Ben Harris","date":"8 de dezembro de 2025","format":false,"excerpt":"Esta hist\u00f3ria faz parte de nossa campanha de fim de ano que celebra como o Centro CLT est\u00e1 trabalhando para atender ao movimento global de CLT. Nesta semana, estamos destacando : Terra Nostra Press Todo movimento precisa de mem\u00f3ria. Assim como as terras e as casas que os CLTs administram\u2026","rel":"","context":"Em &quot;N\u00e3o categorizado&quot;","block_context":{"text":"N\u00e3o categorizado","link":"https:\/\/www.cltweb.org\/pt-br\/category\/nao-categorizado\/"},"img":{"alt_text":"","src":"https:\/\/i0.wp.com\/www.cltweb.org\/wp-content\/uploads\/2025\/11\/Land-for-People-Not-for-Profit-Banner.gif?resize=350%2C200&ssl=1","width":350,"height":200,"srcset":"https:\/\/i0.wp.com\/www.cltweb.org\/wp-content\/uploads\/2025\/11\/Land-for-People-Not-for-Profit-Banner.gif?resize=350%2C200&ssl=1 1x, https:\/\/i0.wp.com\/www.cltweb.org\/wp-content\/uploads\/2025\/11\/Land-for-People-Not-for-Profit-Banner.gif?resize=525%2C300&ssl=1 1.5x, https:\/\/i0.wp.com\/www.cltweb.org\/wp-content\/uploads\/2025\/11\/Land-for-People-Not-for-Profit-Banner.gif?resize=700%2C400&ssl=1 2x, https:\/\/i0.wp.com\/www.cltweb.org\/wp-content\/uploads\/2025\/11\/Land-for-People-Not-for-Profit-Banner.gif?resize=1050%2C600&ssl=1 3x, https:\/\/i0.wp.com\/www.cltweb.org\/wp-content\/uploads\/2025\/11\/Land-for-People-Not-for-Profit-Banner.gif?resize=1400%2C800&ssl=1 4x"},"classes":[]},{"id":10685,"url":"https:\/\/www.cltweb.org\/pt-br\/2025\/11\/11\/terra-para-as-pessoas-nao-para-o-lucro-construindo-a-infraestrutura-de-um-movimento-global\/","url_meta":{"origin":9521,"position":1},"title":"Terra para as pessoas, n\u00e3o para o lucro: Construindo a infraestrutura de um movimento global","author":"Ben Harris","date":"11 de novembro de 2025","format":false,"excerpt":"Este ano, o International Center for Community Land Trusts est\u00e1 lan\u00e7ando sua primeira campanha de fim de ano - uma oportunidade de refletir sobre o que estamos construindo juntos e os relacionamentos que tornam esse trabalho poss\u00edvel. Em todo o mundo, os CLTs est\u00e3o provando que outra forma de se\u2026","rel":"","context":"Em &quot;Blogs&quot;","block_context":{"text":"Blogs","link":"https:\/\/www.cltweb.org\/pt-br\/category\/blogs-pt-br\/"},"img":{"alt_text":"","src":"https:\/\/i0.wp.com\/www.cltweb.org\/wp-content\/uploads\/2025\/11\/Land-for-People-Not-For-Profit.gif?resize=350%2C200&ssl=1","width":350,"height":200,"srcset":"https:\/\/i0.wp.com\/www.cltweb.org\/wp-content\/uploads\/2025\/11\/Land-for-People-Not-For-Profit.gif?resize=350%2C200&ssl=1 1x, https:\/\/i0.wp.com\/www.cltweb.org\/wp-content\/uploads\/2025\/11\/Land-for-People-Not-For-Profit.gif?resize=525%2C300&ssl=1 1.5x, https:\/\/i0.wp.com\/www.cltweb.org\/wp-content\/uploads\/2025\/11\/Land-for-People-Not-For-Profit.gif?resize=700%2C400&ssl=1 2x, https:\/\/i0.wp.com\/www.cltweb.org\/wp-content\/uploads\/2025\/11\/Land-for-People-Not-For-Profit.gif?resize=1050%2C600&ssl=1 3x"},"classes":[]},{"id":7246,"url":"https:\/\/www.cltweb.org\/pt-br\/2024\/09\/03\/introducao-ao-uso-de-clts-para-fornecer-renovacao-de-energia-e-acessibilidade-permanente-a-moradias-existentes\/","url_meta":{"origin":9521,"position":2},"title":"Introdu\u00e7\u00e3o ao uso de CLTs para fornecer renova\u00e7\u00e3o de energia e acessibilidade permanente a moradias existentes","author":"cltredesign_0jp0l4","date":"3 de setembro de 2024","format":false,"excerpt":"A contribui\u00e7\u00e3o a seguir foi escrita por Richard Kruger Delgado, gerente de educa\u00e7\u00e3o e divulga\u00e7\u00e3o do International Center for Community Land Trusts, para apresentar o pr\u00f3ximo webinar em 25 de setembro. \"Estamos no neg\u00f3cio de 'n\u00e3o deixar as pessoas para tr\u00e1s'.\" - John Davis, Centro Internacional de Fundos de Terras\u2026","rel":"","context":"Em &quot;Blogs&quot;","block_context":{"text":"Blogs","link":"https:\/\/www.cltweb.org\/pt-br\/category\/blogs-pt-br\/"},"img":{"alt_text":"","src":"","width":0,"height":0},"classes":[]},{"id":7687,"url":"https:\/\/www.cltweb.org\/pt-br\/2024\/11\/11\/introducao-ao-poder-e-a-lideranca-dos-jovens-na-pratica-do-community-land-trust\/","url_meta":{"origin":9521,"position":3},"title":"Introdu\u00e7\u00e3o ao poder e \u00e0 lideran\u00e7a dos jovens na pr\u00e1tica do Community Land Trust","author":"Ben Harris","date":"11 de novembro de 2024","format":false,"excerpt":"Por Richard Kruger Delgado A contribui\u00e7\u00e3o a seguir foi escrita por Richard Kruger Delgado, gerente de educa\u00e7\u00e3o e divulga\u00e7\u00e3o do International Center for Community Land Trusts, como contribui\u00e7\u00e3o para o pr\u00f3ximo webinar sobre \"Stewarding the Future: Poder e lideran\u00e7a dos jovens na pr\u00e1tica do Community Land Trust\", em 4 de\u2026","rel":"","context":"Em &quot;Blogs&quot;","block_context":{"text":"Blogs","link":"https:\/\/www.cltweb.org\/pt-br\/category\/blogs-pt-br\/"},"img":{"alt_text":"","src":"https:\/\/i0.wp.com\/www.cltweb.org\/wp-content\/uploads\/2024\/11\/Screenshot-2024-11-11-at-5.46.26%E2%80%AFPM.png?resize=350%2C200&ssl=1","width":350,"height":200,"srcset":"https:\/\/i0.wp.com\/www.cltweb.org\/wp-content\/uploads\/2024\/11\/Screenshot-2024-11-11-at-5.46.26%E2%80%AFPM.png?resize=350%2C200&ssl=1 1x, https:\/\/i0.wp.com\/www.cltweb.org\/wp-content\/uploads\/2024\/11\/Screenshot-2024-11-11-at-5.46.26%E2%80%AFPM.png?resize=525%2C300&ssl=1 1.5x, https:\/\/i0.wp.com\/www.cltweb.org\/wp-content\/uploads\/2024\/11\/Screenshot-2024-11-11-at-5.46.26%E2%80%AFPM.png?resize=700%2C400&ssl=1 2x"},"classes":[]},{"id":7719,"url":"https:\/\/www.cltweb.org\/pt-br\/2024\/11\/18\/lincoln-institute-of-land-policy-divulga-relatorio-sobre-a-preservacao-da-propriedade-de-imoveis-a-precos-acessiveis-por-meio-de-community-land-trusts\/","url_meta":{"origin":9521,"position":4},"title":"Lincoln Institute of Land Policy divulga relat\u00f3rio sobre a preserva\u00e7\u00e3o da propriedade de im\u00f3veis a pre\u00e7os acess\u00edveis por meio de Community Land Trusts","author":"Ben Harris","date":"18 de novembro de 2024","format":false,"excerpt":"Relat\u00f3rio Policy Focus oferece insights sobre como os governos municipais apoiam a forma\u00e7\u00e3o, a expans\u00e3o e a opera\u00e7\u00e3o de CLTs CAMBRIDGE, MA - OLincoln Institute of Land Policy (Instituto Lincoln de Pol\u00edtica Fundi\u00e1ria) divulgou um novo Relat\u00f3rio de Foco em Pol\u00edticas, Preserving Affordable Homeownership: Municipal Partnerships with Community Land Trustspor\u2026","rel":"","context":"Em &quot;Comunicado \u00e0 imprensa&quot;","block_context":{"text":"Comunicado \u00e0 imprensa","link":"https:\/\/www.cltweb.org\/pt-br\/category\/comunicado-a-imprensa\/"},"img":{"alt_text":"","src":"","width":0,"height":0},"classes":[]},{"id":10665,"url":"https:\/\/www.cltweb.org\/pt-br\/2025\/11\/17\/clts-e-acao-climatica-um-movimento-crescente-para-uma-transicao-justa\/","url_meta":{"origin":9521,"position":5},"title":"CLTs e a\u00e7\u00e3o clim\u00e1tica: Um movimento crescente para uma transi\u00e7\u00e3o justa","author":"Ben Harris","date":"17 de novembro de 2025","format":false,"excerpt":"Esta hist\u00f3ria faz parte de nossa campanha de fim de ano que celebra como o Centro CLT est\u00e1 trabalhando para atender ao movimento global de CLT. Nesta semana, estamos destacando : A Iniciativa de Justi\u00e7a Clim\u00e1tica A emerg\u00eancia clim\u00e1tica n\u00e3o \u00e9 mais uma amea\u00e7a distante: ela est\u00e1 aqui, remodelando onde\u2026","rel":"","context":"Em &quot;Iniciativa de Justi\u00e7a Clim\u00e1tica&quot;","block_context":{"text":"Iniciativa de Justi\u00e7a Clim\u00e1tica","link":"https:\/\/www.cltweb.org\/pt-br\/category\/iniciativa-de-justica-climatica\/"},"img":{"alt_text":"","src":"https:\/\/i0.wp.com\/www.cltweb.org\/wp-content\/uploads\/2025\/11\/Land-for-People-Not-for-Profit-Banner.gif?resize=350%2C200&ssl=1","width":350,"height":200,"srcset":"https:\/\/i0.wp.com\/www.cltweb.org\/wp-content\/uploads\/2025\/11\/Land-for-People-Not-for-Profit-Banner.gif?resize=350%2C200&ssl=1 1x, https:\/\/i0.wp.com\/www.cltweb.org\/wp-content\/uploads\/2025\/11\/Land-for-People-Not-for-Profit-Banner.gif?resize=525%2C300&ssl=1 1.5x, https:\/\/i0.wp.com\/www.cltweb.org\/wp-content\/uploads\/2025\/11\/Land-for-People-Not-for-Profit-Banner.gif?resize=700%2C400&ssl=1 2x, https:\/\/i0.wp.com\/www.cltweb.org\/wp-content\/uploads\/2025\/11\/Land-for-People-Not-for-Profit-Banner.gif?resize=1050%2C600&ssl=1 3x, https:\/\/i0.wp.com\/www.cltweb.org\/wp-content\/uploads\/2025\/11\/Land-for-People-Not-for-Profit-Banner.gif?resize=1400%2C800&ssl=1 4x"},"classes":[]}],"_links":{"self":[{"href":"https:\/\/www.cltweb.org\/pt-br\/wp-json\/wp\/v2\/posts\/9521","targetHints":{"allow":["GET"]}}],"collection":[{"href":"https:\/\/www.cltweb.org\/pt-br\/wp-json\/wp\/v2\/posts"}],"about":[{"href":"https:\/\/www.cltweb.org\/pt-br\/wp-json\/wp\/v2\/types\/post"}],"author":[{"embeddable":true,"href":"https:\/\/www.cltweb.org\/pt-br\/wp-json\/wp\/v2\/users\/2"}],"replies":[{"embeddable":true,"href":"https:\/\/www.cltweb.org\/pt-br\/wp-json\/wp\/v2\/comments?post=9521"}],"version-history":[{"count":3,"href":"https:\/\/www.cltweb.org\/pt-br\/wp-json\/wp\/v2\/posts\/9521\/revisions"}],"predecessor-version":[{"id":9540,"href":"https:\/\/www.cltweb.org\/pt-br\/wp-json\/wp\/v2\/posts\/9521\/revisions\/9540"}],"wp:featuredmedia":[{"embeddable":true,"href":"https:\/\/www.cltweb.org\/pt-br\/wp-json\/wp\/v2\/media\/9494"}],"wp:attachment":[{"href":"https:\/\/www.cltweb.org\/pt-br\/wp-json\/wp\/v2\/media?parent=9521"}],"wp:term":[{"taxonomy":"category","embeddable":true,"href":"https:\/\/www.cltweb.org\/pt-br\/wp-json\/wp\/v2\/categories?post=9521"},{"taxonomy":"post_tag","embeddable":true,"href":"https:\/\/www.cltweb.org\/pt-br\/wp-json\/wp\/v2\/tags?post=9521"}],"curies":[{"name":"wp","href":"https:\/\/api.w.org\/{rel}","templated":true}]}}