{"id":9999,"date":"2025-10-20T21:44:04","date_gmt":"2025-10-20T21:44:04","guid":{"rendered":"https:\/\/www.cltweb.org\/2025\/10\/20\/um-olhar-para-o-passado-e-para-o-futuro-do-movimento-clt-dos-eua\/"},"modified":"2025-10-20T21:59:12","modified_gmt":"2025-10-20T21:59:12","slug":"um-olhar-para-o-passado-e-para-o-futuro-do-movimento-clt-dos-eua","status":"publish","type":"post","link":"https:\/\/www.cltweb.org\/pt-br\/2025\/10\/20\/um-olhar-para-o-passado-e-para-o-futuro-do-movimento-clt-dos-eua\/","title":{"rendered":"Um olhar para o passado e para o futuro do movimento CLT dos EUA"},"content":{"rendered":"\n<p><strong>Um discurso de John Emmeus Davis, proferido na Confer\u00eancia Midwest CLT em Madison, Wisconsin, em 8 de outubro de 2025<\/strong><\/p>\n\n<p><strong>Introdu\u00e7\u00e3o de Greg Rosenberg: <\/strong>Olivia Williams, diretora executiva da Madison Area CLT e organizadora da Confer\u00eancia Midwest CLT deste ano, pediu a John que fizesse um discurso em um almo\u00e7o no primeiro dia da confer\u00eancia sobre onde o movimento CLT tem estado e para onde John acha que ele pode estar indo. John fez seu discurso sem anota\u00e7\u00f5es, e o que segue \u00e9 uma transcri\u00e7\u00e3o de suas observa\u00e7\u00f5es. <\/p>\n\n<hr class=\"wp-block-separator has-alpha-channel-opacity\"\/>\n\n<p>Greg Rosenberg e eu est\u00e1vamos conversando hoje de manh\u00e3. (Ele disse: &#8220;O que voc\u00ea vai dizer hoje no almo\u00e7o?&#8221; Eu respondi: &#8220;Bem, Olivia me pediu para olhar para tr\u00e1s e para frente na trajet\u00f3ria do movimento CLT nos Estados Unidos. A prop\u00f3sito, tenho apenas doze minutos para cobrir 50 anos de hist\u00f3ria!&#8221;     <\/p>\n\n<p>Tive de admitir para o Greg que fiquei um pouco intimidado com a ideia de falar com voc\u00eas hoje porque sou melhor professor do que pregador. N\u00e3o tenho muita experi\u00eancia nem me sinto \u00e0 vontade para fazer discursos inspiradores para um p\u00fablico como o de voc\u00eas. Especialmente em uma \u00e9poca em que o governo federal est\u00e1 mergulhando no caos, na crueldade e na corrup\u00e7\u00e3o, \u00e9 realmente dif\u00edcil pensar em fazer <strong><em>qualquer<\/em><\/strong> tipo de discurso inspirador.  <\/p>\n\n<p>Eu diria, entretanto, que o que me mant\u00e9m <strong><em>me<\/em><\/strong> voc\u00ea continua \u00e9 o trabalho que <strong><em>voc\u00ea<\/em><\/strong> voc\u00ea est\u00e1 fazendo e planeja fazer. Sinto-me inspirado por voc\u00ea. No entanto, para mim, falar sobre o movimento que voc\u00ea est\u00e1 criando \u00e9 um pouco como algu\u00e9m que vai a um brech\u00f3 e compra medalhas militares que n\u00e3o ganhou. Eu falar sobre <strong><em>de voc\u00eas<\/em><\/strong> CLTs de voc\u00eas parece um pouco como um valor roubado.     <\/p>\n\n<p>No entanto, farei o melhor que puder, mesmo que algum indiv\u00edduo nefasto pare\u00e7a ter roubado o teleprompter. Terei de divagar um pouco.   <\/p>\n\n<p>Tenho tr\u00eas observa\u00e7\u00f5es gerais a fazer sobre a trajet\u00f3ria dos fundos de terras comunit\u00e1rios nos Estados Unidos. Primeiro, <strong>a hist\u00f3ria \u00e9 importante<\/strong>. Em segundo lugar, <strong>o crescimento acontece<\/strong> mesmo nos solos mais rochosos. E <strong>a perseveran\u00e7a vence<\/strong> mesmo nos momentos mais sombrios.     <\/p>\n\n<p>Olivia mencionou meu interesse de longa data em documentar as ra\u00edzes da CLT. Greg tamb\u00e9m mencionou isso. Deixe-me perguntar: quantos de voc\u00eas participaram da sess\u00e3o de ontem sobre a hist\u00f3ria da CLT? E quantos de voc\u00eas assistiram ao document\u00e1rio <em>Art of Justice<\/em>?     <\/p>\n\n<p>Uau! Fico feliz em ver tantas m\u00e3os. N\u00e3o vou viajar tanto para o passado hoje, mas pe\u00e7o que voc\u00ea guarde essas hist\u00f3rias porque a hist\u00f3ria \u00e9 importante. Precisamos reconhecer e lembrar os her\u00f3is que deram origem ao movimento do qual fazemos parte.   <\/p>\n\n<p>Tenho uma cita\u00e7\u00e3o favorita de Howard Zinn, autor de <em>A People&#8217;s History of the United States<\/em>:  <\/p>\n\n<p>&#8220;A hist\u00f3ria \u00e9 importante. Se voc\u00ea n\u00e3o conhece a hist\u00f3ria, \u00e9 como se tivesse nascido ontem. E se voc\u00ea nasceu ontem, qualquer pessoa em uma posi\u00e7\u00e3o de poder pode lhe dizer <em>qualquer coisa<\/em>.&#8221;  <\/p>\n\n<p>O atual governo de Washington DC certamente sabe que a hist\u00f3ria \u00e9 importante. \u00c9 por isso que eles est\u00e3o atacando museus, arquivos e bibliotecas. \u00c9 por isso que eles est\u00e3o indo aos parques nacionais e removendo placas que se dignam a mencionar pessoas escravizadas ou terras roubadas ou as contribui\u00e7\u00f5es de imigrantes que n\u00e3o sejam aquelas &#8220;pessoas legais&#8221; do norte da Europa e da Inglaterra.    <\/p>\n\n<p>N\u00f3s, que trabalhamos com CLTs, n\u00e3o podemos deixar que as pessoas no poder revisem nossa hist\u00f3ria ou contem nossa hist\u00f3ria. Temos que cont\u00e1-la n\u00f3s mesmos. Temos que preserv\u00e1-la n\u00f3s mesmos. Porque nossa hist\u00f3ria compartilhada \u00e9 uma das coisas que nos ajudar\u00e1 a superar os dias desafiadores que temos pela frente.     <\/p>\n\n<p>A CLT n\u00e3o \u00e9 um modelo que veio do alto. Ele surgiu de baixo para cima. Surgiu das lutas e aspira\u00e7\u00f5es dos l\u00edderes afro-americanos dos direitos civis no sudoeste da Ge\u00f3rgia. Foi aperfei\u00e7oado nas duas d\u00e9cadas seguintes por um grupo heterog\u00eaneo de organizadores comunit\u00e1rios, ativistas cidad\u00e3os, trabalhadores cat\u00f3licos e abrigos sem fins lucrativos, como muitos de voc\u00eas.     <\/p>\n\n<p>Precisamos nos lembrar do que eles fizeram e nos inspirar em suas hist\u00f3rias de resist\u00eancia e esperan\u00e7a. Precisamos <strong><em>precisamos<\/em><\/strong> dessas hist\u00f3rias, n\u00f3s <strong><em>precisamos<\/em><\/strong> Precisamos dessas hist\u00f3rias, precisamos desses her\u00f3is porque o trabalho que fazemos \u00e9 realmente dif\u00edcil e provavelmente se tornar\u00e1 ainda mais dif\u00edcil nos pr\u00f3ximos anos. Olhar para o passado pode nos ajudar a seguir em frente e a nos manter fundamentados nos valores que nos levaram a esse modelo de posse em primeiro lugar.  <\/p>\n\n<p>Minha pr\u00f3pria hist\u00f3ria, minha pr\u00f3pria imers\u00e3o no movimento CLT come\u00e7ou em 1980, quando me juntei a uma d\u00fazia de pessoas no por\u00e3o de uma igreja em Boston. N\u00f3s nos reunimos para falar sobre a possibilidade de escrever um segundo livro sobre os fundos fiduci\u00e1rios comunit\u00e1rios. O primeiro havia sido publicado em 1972. O autor principal era Bob Swann. Esse livro apresentou a estrutura conceitual para um &#8220;novo modelo de posse de terra para os Estados Unidos&#8221;. Mas ele era mais te\u00f3rico do que pr\u00e1tico. Por isso, nos reunimos em Boston para discutir a elabora\u00e7\u00e3o de um guia pr\u00e1tico para criar e administrar um fundo de terras comunit\u00e1rio.        <\/p>\n\n<p>Pensamos em analisar casos exemplares e extrair li\u00e7\u00f5es pr\u00e1ticas dos CLTs em campo. Havia um<strong><em>pequeno <\/em><\/strong>problema. N\u00e3o conseguimos encontrar muitos sobre os quais escrever. Havia a New Communities no sudoeste da Ge\u00f3rgia, mas apenas um punhado de outras CLTs. Todas elas estavam em \u00e1reas rurais, com exce\u00e7\u00e3o de uma CLT urbana, a Community Land Cooperative of Cincinnati. E todo o seu portf\u00f3lio consistia em um <strong><em>\u00fanico<\/em><\/strong>casa, ocupada pelo propriet\u00e1rio.       <\/p>\n\n<p>De certa forma, nos vimos escrevendo sobre um tigre de papel. Falamos com confian\u00e7a que os fundos comunit\u00e1rios de terras eram um &#8220;movimento&#8221;, mas isso era, na melhor das hip\u00f3teses, uma hip\u00e9rbole &#8211; e talvez um pouco de arrog\u00e2ncia. Mas continuamos firmes. Conseguimos produzir <em>o<\/em> <em>Community Land Trust Handbook<\/em>. Ele foi publicado pela Rodale Press em 1982.      <\/p>\n\n<p>A maioria das ilustra\u00e7\u00f5es foi feita por uma artista maravilhosa, Bonnie Acker. Tenho um carinho especial por essa artista em particular, pois, alguns anos depois, tive a sorte de me casar com ela. <\/p>\n\n<p>Voltemos a 1992, quando cheguei a Madison e conheci Sol Levin no Madison Area Community Land Trust. Naquela \u00e9poca, havia quase uma <strong><em>cem<\/em><\/strong> fundos de terras comunit\u00e1rios nos Estados Unidos! Em doze anos, passamos de meia d\u00fazia de CLTs, quando est\u00e1vamos escrevendo o <em>Manual,<\/em> para quase cem em 1992.    <\/p>\n\n<p>Esse crescimento ocorreu durante um per\u00edodo <strong><em>realmente<\/em><\/strong> dif\u00edcil. O que estava acontecendo na d\u00e9cada de 1980?   <\/p>\n\n<p>Voc\u00ea tinha centenas de Savings and Loans que faliram por causa de fraudes, por causa da desregulamenta\u00e7\u00e3o e porque estavam fazendo muitos empr\u00e9stimos question\u00e1veis. Assim, outros bancos ficaram assustados e adotaram uma abordagem de n\u00e3o interfer\u00eancia nas hipotecas residenciais. Eles diziam: &#8220;N\u00e3o queremos fazer empr\u00e9stimos para pessoas de bairros de baixa renda ou para pessoas que moram em casas de fundos comunit\u00e1rios. Elas s\u00e3o arriscadas. N\u00e3o queremos emprestar dinheiro a eles&#8221;.    <\/p>\n\n<p>A lacuna de acessibilidade estava aumentando. As taxas de propriedade de im\u00f3veis estavam diminuindo. As pessoas n\u00e3o podiam se dar ao luxo de comprar uma casa. A falta de moradia come\u00e7ou a aparecer em grande n\u00famero nos Estados Unidos pela primeira vez desde a Grande Depress\u00e3o.     <\/p>\n\n<p>Em Washington, Ronald Reagan havia assumido o cargo de presidente. Imediatamente, seu governo come\u00e7ou a retirar o financiamento e a remover muitos dos programas herdados do New Deal e da Great Society. Eles estavam desmantelando a rede de seguran\u00e7a social da qual as pessoas dependiam.    <\/p>\n\n<p>No &#8220;Great Big, Beautiful Bill&#8221; daquela \u00e9poca, o Partido Republicano retirou dinheiro dos cupons de alimentos, do Medicaid e dos servi\u00e7os para doentes mentais. Retiraram dinheiro da habita\u00e7\u00e3o e do desenvolvimento comunit\u00e1rio. E deram a maior parte desse dinheiro para as for\u00e7as armadas no maior aumento militar de nossa hist\u00f3ria.  <\/p>\n\n<p>Portanto, essa foi uma \u00e9poca bastante dif\u00edcil para tentar fazer algo como um fundo comunit\u00e1rio de terras. Talvez n\u00e3o fosse um ambiente pol\u00edtico t\u00e3o duro como o que estamos enfrentando agora, mas o solo era bastante rochoso. Apesar disso, os fundos comunit\u00e1rios de terras come\u00e7aram a criar ra\u00edzes e a proliferar.    <\/p>\n\n<p>Quando cheguei a Madison em 1992, havia realmente um &#8220;movimento&#8221; em forma\u00e7\u00e3o. N\u00e3o se tratava apenas de uma aspira\u00e7\u00e3o esperan\u00e7osa. Pessoas como voc\u00ea foram para as ruas, bairros e cidades e come\u00e7aram a criar fundos de terras comunit\u00e1rios. Houve crescimento apesar de <strong><em>apesar<\/em><\/strong> do ambiente econ\u00f4mico e pol\u00edtico em que estavam trabalhando.   <\/p>\n\n<p>Esse ambiente dif\u00edcil tamb\u00e9m teve o efeito de atrair um conjunto inesperado de aliados para o nosso trabalho: autoridades municipais. Quem diria que nosso pequeno e estranho modelo de posse chamaria a aten\u00e7\u00e3o de cidades, condados e vilas e obteria seu apoio? Mas, \u00e0 medida que o governo federal se retirou do setor habitacional e do desenvolvimento comunit\u00e1rio, as prefeituras subitamente disseram: &#8220;Precisamos garantir que o pouco dinheiro que nos resta n\u00e3o seja perdido. Se vamos investir em moradias populares e na revitaliza\u00e7\u00e3o da comunidade, n\u00e3o podemos nos dar ao luxo de ver esse dinheiro ir embora. Temos que mant\u00ea-los no lugar&#8221;.    <\/p>\n\n<p>Mais tarde, comecei a falar sobre &#8220;fechar o buraco no balde furado da pol\u00edtica p\u00fablica&#8221;. Cidade ap\u00f3s cidade, nunca progredimos muito na solu\u00e7\u00e3o do problema de moradias populares porque, t\u00e3o r\u00e1pido quanto despej\u00e1vamos d\u00f3lares na parte superior do balde, t\u00e3o r\u00e1pido quanto cri\u00e1vamos unidades econ\u00f4micas, permit\u00edamos que elas vazassem pela parte inferior para o mercado.   <\/p>\n\n<p>Os fundos fiduci\u00e1rios comunit\u00e1rios estavam bem posicionados para se apresentar e dizer \u00e0s cidades: &#8220;Ei, n\u00f3s temos uma solu\u00e7\u00e3o para o problema de voc\u00eas. Podemos fechar o buraco no balde que est\u00e1 vazando. Trabalharemos com voc\u00ea. Trabalharemos com os CDCs. Trabalharemos com a Habitat for Humanity e qualquer outra pessoa para criar as unidades. Mas depois que voc\u00ea as cria, o que os CLTs fazem? Fazemos a administra\u00e7\u00e3o. <strong><em>N\u00f3s garantimos o neg\u00f3cio para sempre<\/em><\/strong>Voc\u00ea pode fazer o seguinte: proteger a acessibilidade econ\u00f4mica; proteger as condi\u00e7\u00f5es das unidades; evitar o deslocamento de pessoas de suas casas. A administra\u00e7\u00e3o \u00e9 o que fazemos de melhor&#8221;. De repente, tivemos algumas cidades, aqui e ali, que come\u00e7aram a trabalhar em parceria com community land trusts.        <\/p>\n\n<p>O que come\u00e7ou como um pequeno gotejamento na d\u00e9cada de 1980 e no in\u00edcio da d\u00e9cada de 1990 agora se tornou uma esp\u00e9cie de correnteza. A maioria de voc\u00eas recebeu uma c\u00f3pia do relat\u00f3rio escrito por Kristin King-Ries e por mim, publicado pelo Lincoln Institute of Land Policy no ano passado. O que documentamos em nosso relat\u00f3rio foi o n\u00famero crescente de cidades, vilas, condados, fundos fiduci\u00e1rios de habita\u00e7\u00e3o, bancos de terras p\u00fablicas e outras entidades municipais que est\u00e3o se comprometendo com a acessibilidade de longo prazo ao investir em habita\u00e7\u00e3o. Muitos tamb\u00e9m chegaram a um ponto em que entendem que n\u00e3o existe um conv\u00eanio &#8220;autoaplic\u00e1vel&#8221;. Para proteger a acessibilidade, voc\u00ea precisa ter algu\u00e9m por tr\u00e1s do acordo.      <\/p>\n\n<p>E isso somos n\u00f3s. A administra\u00e7\u00e3o \u00e9 o que fazemos melhor do que ningu\u00e9m.   <\/p>\n\n<p>Atualmente, existem cerca de 350 fundos comunit\u00e1rios de terras nos Estados Unidos. N\u00e3o vou dizer que esse crescimento se deve inteiramente ao fato de termos cidades e condados &#8211; e at\u00e9 mesmo alguns estados &#8211; que est\u00e3o se mobilizando e fazendo parcerias com CLTs. Ainda \u00e9 preciso que pessoas como voc\u00ea fa\u00e7am o trabalho \u00e1rduo de organiza\u00e7\u00e3o da comunidade e o trabalho \u00e1rduo de operar CLTs. Mas o apoio dos governos abaixo do n\u00edvel federal certamente tem sido um fator contribuinte.     <\/p>\n\n<p>Devido ao apoio municipal e aos esfor\u00e7os de pessoas como voc\u00ea, o n\u00famero de CLTs cresceu; o tamanho de suas \u00e1reas de servi\u00e7o cresceu; seus portf\u00f3lios cresceram.  <\/p>\n\n<p>E seus portf\u00f3lios se tornaram mais diversificados. Agora, as CLTs n\u00e3o est\u00e3o apenas produzindo casas pr\u00f3prias. Eles tamb\u00e9m est\u00e3o alugando moradias, abrigos para sem-teto, moradias transit\u00f3rias, cooperativas e condom\u00ednios. Muitos community land trusts est\u00e3o fazendo mais do que moradia. Eles est\u00e3o praticando agricultura urbana. Est\u00e3o criando escrit\u00f3rios. Est\u00e3o desenvolvendo locais para pequenas empresas e instala\u00e7\u00f5es para outras organiza\u00e7\u00f5es sem fins lucrativos. A diversifica\u00e7\u00e3o das atividades e dos portf\u00f3lios dos CLTs do pa\u00eds tornou-se bastante significativa.         <\/p>\n\n<p>O outro grande desenvolvimento que observamos em nosso relat\u00f3rio \u00e9 o surgimento de coaliz\u00f5es como a de voc\u00eas. Acredito que isso \u00e9 algo muito bom. Olhando para os pr\u00f3ximos anos, ainda precisaremos da Grounded Solutions, mas tamb\u00e9m precisaremos de redes robustas de CLT em todo o metr\u00f4, redes estaduais de CLT e redes regionais de CLT. Estamos todos juntos nisso. A \u00fanica maneira de superarmos os pr\u00f3ximos anos de disfun\u00e7\u00e3o federal \u00e9 por meio de muito apoio dos colegas.    <\/p>\n\n<p>Ao fazermos isso, trabalharemos juntos para construir e sustentar um movimento nacional de CLT, <strong><em>n\u00e3o desconsidere os funcion\u00e1rios p\u00fablicos<\/em><\/strong>. Tenho um n\u00famero aqui que achei bastante surpreendente. Nos Estados Unidos, em 2022, havia <strong>90.837<\/strong> unidades de governo local! Isso inclui governos municipais, governos de cidades, governos de condados e distritos especiais para transporte, servi\u00e7os p\u00fablicos, parques e assim por diante. Todas essas entidades t\u00eam recursos. Elas t\u00eam terras. T\u00eam dinheiro. Elas t\u00eam poderes regulat\u00f3rios que podem ajudar ou atrapalhar os projetos de um CLT.       <\/p>\n\n<p>N\u00e3o estou dizendo que todas essas 90.000 unidades do governo local ser\u00e3o seus amigos. Nem todas est\u00e3o prontas para se aproximar de voc\u00ea e ser seu amigo. Algumas est\u00e3o, outras n\u00e3o. Mas quando n\u00e3o est\u00e3o, voc\u00ea precisa colocar seu chap\u00e9u de organiza\u00e7\u00e3o comunit\u00e1ria. As unidades locais de governo s\u00e3o muito mais suscet\u00edveis \u00e0 press\u00e3o e \u00e0 persuas\u00e3o do que os governos em n\u00edvel estadual ou federal.    <\/p>\n\n<p>Terei que encerrar em um momento porque me disseram para falar rapidamente. Provavelmente j\u00e1 ultrapassei o tempo que me foi concedido. Mas eu seria negligente se n\u00e3o mencionasse o Centro Internacional para CLTs.    <\/p>\n\n<p>Greg, eu e nossos colegas do Center estamos bastante animados com o que est\u00e1 acontecendo fora dos Estados Unidos. Atualmente, h\u00e1 tantos fundos de terras comunit\u00e1rios em outros pa\u00edses quanto aqui nos EUA. Eles recebem inspira\u00e7\u00e3o e informa\u00e7\u00f5es de todos voc\u00eas.    <\/p>\n\n<p>Mas eles tamb\u00e9m est\u00e3o <strong><em>aplicando<\/em><\/strong> o modelo de novas maneiras. Elas est\u00e3o <g id=\"gid_2\"><g id=\"gid_3\">estruturando<\/g><\/g> CLTs de novas maneiras. Eles est\u00e3o <g id=\"gid_4\"><g id=\"gid_5\">organizando<\/g><\/g> e <g id=\"gid_6\"><g id=\"gid_7\">engajando<\/g><\/g> suas comunidades de novas maneiras. Como nosso amigo Jeff Corey costumava dizer, eles est\u00e3o &#8220;mantendo as bordas quentes&#8221;.   <\/p>\n\n<p>Portanto, h\u00e1 muito que podemos aprender com eles, mesmo que eles continuem a aprender conosco. Parte de nossa miss\u00e3o no Centro CLT \u00e9 promover essa fertiliza\u00e7\u00e3o transnacional e intera\u00e7\u00f5es entre pares para que as pessoas <strong><em>possam<\/em><\/strong> aprender umas com as outras. <\/p>\n\n<p>H\u00e1 outra coisa muito importante que podemos aprender com nossos colegas de outros pa\u00edses: <strong><em>perseveran\u00e7a<\/em><\/strong>. Na diretoria do CLT Center, agora temos pessoas de sete ou oito pa\u00edses diferentes. Temos um membro da Espanha em nossa diretoria. Temos um membro da diretoria da \u00c1frica do Sul. Temos em nossa diretoria um membro do Brasil. Cada pa\u00eds passou por sua pr\u00f3pria noite escura de autoritarismo, semelhante ao que est\u00e1 acontecendo aqui.       <\/p>\n\n<p>As pessoas do nosso conselho s\u00e3o jovens demais para terem participado da resist\u00eancia a Franco na Espanha, ou da organiza\u00e7\u00e3o contra o apartheid na \u00c1frica do Sul, ou da organiza\u00e7\u00e3o contra ditaduras militares no Brasil. (Por outro lado, alguns de nossos colegas no Brasil viveram durante o regime de Bolsonaro, muitas vezes chamado de &#8220;Trump sul-americano&#8221;. Eles tiveram que suportar isso).    <\/p>\n\n<p>Mas a contribui\u00e7\u00e3o vital que nossos colegas do CLT est\u00e3o fazendo neste momento n\u00e3o \u00e9 a resist\u00eancia, mas a reconstru\u00e7\u00e3o. Eles est\u00e3o ajudando a reconstruir a sociedade civil e a reconstruir a democracia <strong><em>depois que<\/em><\/strong> a onda de autoritarismo ter se afastado de suas costas. <\/p>\n\n<p>Isso \u00e9 o que <strong><em>n\u00f3s<\/em><\/strong> Voc\u00ea ter\u00e1 que fazer isso. Essa \u00e9 a tarefa dos CLTs e de organiza\u00e7\u00f5es sem fins lucrativos semelhantes aqui nos EUA. Seremos chamados para ajudar a reconstruir a sociedade civil e nossas pr\u00f3prias comunidades ap\u00f3s o fim do caos da era atual.    <\/p>\n\n<p>Comecei com uma cita\u00e7\u00e3o dizendo que <em>a hist\u00f3ria \u00e9 importante<\/em>. Vou terminar com uma cita\u00e7\u00e3o que afirma que <em>a perseveran\u00e7a<\/em> <em>vence<\/em>, especialmente nos momentos mais sombrios. <\/p>\n\n<p>H\u00e1 algumas semanas, a <sup>80\u00aa<\/sup> Assembleia Geral das Na\u00e7\u00f5es Unidas foi realizada na cidade de Nova York. Nosso presidente fez um discurso que s\u00f3 pode ser descrito como &#8220;maluco&#8221;. Infelizmente, ele ofuscou um discurso de abertura mais poderoso do Secret\u00e1rio-Geral da ONU. Quando jovem, em Portugal, Ant\u00f3nio Guterres viveu sob uma ditadura. Refletindo sobre essa experi\u00eancia, ele disse o seguinte:    <\/p>\n\n<p>&#8220;Mesmo nas horas mais sombrias, descobri uma verdade que nunca me abandonou: o poder n\u00e3o est\u00e1 nas m\u00e3os daqueles que dominam ou dividem. O verdadeiro poder reside nas pessoas, em nossa determina\u00e7\u00e3o compartilhada de manter a dignidade, defender a igualdade, acreditar &#8211; ferozmente &#8211; em nossa humanidade comum e no potencial de cada ser humano.   <\/p>\n\n<p>Aprendi cedo a perseverar. A falar. A me recusar a me render, n\u00e3o importa o desafio, n\u00e3o importa o obst\u00e1culo, n\u00e3o importa a hora. N\u00f3s devemos &#8211; e vamos &#8211; superar.&#8221;  <\/p>\n\n<p>Obrigado a voc\u00ea.<\/p>\n","protected":false},"excerpt":{"rendered":"<p>John Emmeus Davis falou aos participantes da confer\u00eancia 2025 Midwest CLT sobre o passado e o poss\u00edvel futuro do movimento CLT dos EUA, e o que podemos fazer para enfrentar esses tempos desafiadores. Esta \u00e9 uma transcri\u00e7\u00e3o de seus coment\u00e1rios extempor\u00e2neos.<\/p>\n","protected":false},"author":1,"featured_media":0,"comment_status":"closed","ping_status":"open","sticky":false,"template":"","format":"standard","meta":{"give_campaign_id":0,"_tec_requires_first_save":true,"_kad_blocks_custom_css":"","_kad_blocks_head_custom_js":"","_kad_blocks_body_custom_js":"","_kad_blocks_footer_custom_js":"","_EventAllDay":false,"_EventTimezone":"","_EventStartDate":"","_EventEndDate":"","_EventStartDateUTC":"","_EventEndDateUTC":"","_EventShowMap":false,"_EventShowMapLink":false,"_EventURL":"","_EventCost":"","_EventCostDescription":"","_EventCurrencySymbol":"","_EventCurrencyCode":"","_EventCurrencyPosition":"","_EventDateTimeSeparator":"","_EventTimeRangeSeparator":"","_EventOrganizerID":[],"_EventVenueID":[],"_OrganizerEmail":"","_OrganizerPhone":"","_OrganizerWebsite":"","_VenueAddress":"","_VenueCity":"","_VenueCountry":"","_VenueProvince":"","_VenueState":"","_VenueZip":"","_VenuePhone":"","_VenueURL":"","_VenueStateProvince":"","_VenueLat":"","_VenueLng":"","_VenueShowMap":false,"_VenueShowMapLink":false,"_tribe_blocks_recurrence_rules":"","_tribe_blocks_recurrence_description":"","_tribe_blocks_recurrence_exclusions":"","_jetpack_memberships_contains_paid_content":false,"footnotes":""},"categories":[291],"tags":[],"class_list":["post-9999","post","type-post","status-publish","format-standard","hentry","category-blogs-pt-br"],"blocksy_meta":[],"yoast_head":"<!-- This site is optimized with the Yoast SEO Premium plugin v27.4 (Yoast SEO v27.5) - https:\/\/yoast.com\/product\/yoast-seo-premium-wordpress\/ -->\n<title>Um olhar para o passado e para o futuro do movimento CLT dos EUA - International Center for Community Land Trusts<\/title>\n<meta name=\"robots\" content=\"index, follow, max-snippet:-1, max-image-preview:large, max-video-preview:-1\" \/>\n<link rel=\"canonical\" href=\"https:\/\/www.cltweb.org\/pt-br\/2025\/10\/20\/um-olhar-para-o-passado-e-para-o-futuro-do-movimento-clt-dos-eua\/\" \/>\n<meta property=\"og:locale\" content=\"pt_BR\" \/>\n<meta property=\"og:type\" content=\"article\" \/>\n<meta property=\"og:title\" content=\"Um olhar para o passado e para o futuro do movimento CLT dos EUA\" \/>\n<meta property=\"og:description\" content=\"John Emmeus Davis falou aos participantes da confer\u00eancia 2025 Midwest CLT sobre o passado e o poss\u00edvel futuro do movimento CLT dos EUA, e o que podemos fazer para enfrentar esses tempos desafiadores. Esta \u00e9 uma transcri\u00e7\u00e3o de seus coment\u00e1rios extempor\u00e2neos.\" \/>\n<meta property=\"og:url\" content=\"https:\/\/www.cltweb.org\/pt-br\/2025\/10\/20\/um-olhar-para-o-passado-e-para-o-futuro-do-movimento-clt-dos-eua\/\" \/>\n<meta property=\"og:site_name\" content=\"International Center for Community Land Trusts\" \/>\n<meta property=\"article:publisher\" content=\"https:\/\/www.facebook.com\/cltcenter\" \/>\n<meta property=\"article:published_time\" content=\"2025-10-20T21:44:04+00:00\" \/>\n<meta property=\"article:modified_time\" content=\"2025-10-20T21:59:12+00:00\" \/>\n<meta name=\"author\" content=\"cltredesign_0jp0l4\" \/>\n<meta name=\"twitter:card\" content=\"summary_large_image\" \/>\n<meta name=\"twitter:creator\" content=\"@Center4CLTs\" \/>\n<meta name=\"twitter:site\" content=\"@Center4CLTs\" \/>\n<meta name=\"twitter:label1\" content=\"Escrito por\" \/>\n\t<meta name=\"twitter:data1\" content=\"cltredesign_0jp0l4\" \/>\n\t<meta name=\"twitter:label2\" content=\"Est. tempo de leitura\" \/>\n\t<meta name=\"twitter:data2\" content=\"15 minutos\" \/>\n<script type=\"application\/ld+json\" class=\"yoast-schema-graph\">{\"@context\":\"https:\\\/\\\/schema.org\",\"@graph\":[{\"@type\":\"Article\",\"@id\":\"https:\\\/\\\/www.cltweb.org\\\/pt-br\\\/2025\\\/10\\\/20\\\/um-olhar-para-o-passado-e-para-o-futuro-do-movimento-clt-dos-eua\\\/#article\",\"isPartOf\":{\"@id\":\"https:\\\/\\\/www.cltweb.org\\\/pt-br\\\/2025\\\/10\\\/20\\\/um-olhar-para-o-passado-e-para-o-futuro-do-movimento-clt-dos-eua\\\/\"},\"author\":{\"name\":\"cltredesign_0jp0l4\",\"@id\":\"https:\\\/\\\/www.cltweb.org\\\/pt-br\\\/#\\\/schema\\\/person\\\/afd3723291b60b81c27772953e5b49d6\"},\"headline\":\"Um olhar para o passado e para o futuro do movimento CLT dos EUA\",\"datePublished\":\"2025-10-20T21:44:04+00:00\",\"dateModified\":\"2025-10-20T21:59:12+00:00\",\"mainEntityOfPage\":{\"@id\":\"https:\\\/\\\/www.cltweb.org\\\/pt-br\\\/2025\\\/10\\\/20\\\/um-olhar-para-o-passado-e-para-o-futuro-do-movimento-clt-dos-eua\\\/\"},\"wordCount\":3049,\"publisher\":{\"@id\":\"https:\\\/\\\/www.cltweb.org\\\/pt-br\\\/#organization\"},\"articleSection\":[\"Blogs\"],\"inLanguage\":\"pt-BR\"},{\"@type\":\"WebPage\",\"@id\":\"https:\\\/\\\/www.cltweb.org\\\/pt-br\\\/2025\\\/10\\\/20\\\/um-olhar-para-o-passado-e-para-o-futuro-do-movimento-clt-dos-eua\\\/\",\"url\":\"https:\\\/\\\/www.cltweb.org\\\/pt-br\\\/2025\\\/10\\\/20\\\/um-olhar-para-o-passado-e-para-o-futuro-do-movimento-clt-dos-eua\\\/\",\"name\":\"Um olhar para o passado e para o futuro do movimento CLT dos EUA - International Center for Community Land Trusts\",\"isPartOf\":{\"@id\":\"https:\\\/\\\/www.cltweb.org\\\/pt-br\\\/#website\"},\"datePublished\":\"2025-10-20T21:44:04+00:00\",\"dateModified\":\"2025-10-20T21:59:12+00:00\",\"breadcrumb\":{\"@id\":\"https:\\\/\\\/www.cltweb.org\\\/pt-br\\\/2025\\\/10\\\/20\\\/um-olhar-para-o-passado-e-para-o-futuro-do-movimento-clt-dos-eua\\\/#breadcrumb\"},\"inLanguage\":\"pt-BR\",\"potentialAction\":[{\"@type\":\"ReadAction\",\"target\":[\"https:\\\/\\\/www.cltweb.org\\\/pt-br\\\/2025\\\/10\\\/20\\\/um-olhar-para-o-passado-e-para-o-futuro-do-movimento-clt-dos-eua\\\/\"]}]},{\"@type\":\"BreadcrumbList\",\"@id\":\"https:\\\/\\\/www.cltweb.org\\\/pt-br\\\/2025\\\/10\\\/20\\\/um-olhar-para-o-passado-e-para-o-futuro-do-movimento-clt-dos-eua\\\/#breadcrumb\",\"itemListElement\":[{\"@type\":\"ListItem\",\"position\":1,\"name\":\"Home\",\"item\":\"https:\\\/\\\/www.cltweb.org\\\/pt-br\\\/\"},{\"@type\":\"ListItem\",\"position\":2,\"name\":\"Um olhar para o passado e para o futuro do movimento CLT dos EUA\"}]},{\"@type\":\"WebSite\",\"@id\":\"https:\\\/\\\/www.cltweb.org\\\/pt-br\\\/#website\",\"url\":\"https:\\\/\\\/www.cltweb.org\\\/pt-br\\\/\",\"name\":\"International Center for Community Land Trusts\",\"description\":\"\",\"publisher\":{\"@id\":\"https:\\\/\\\/www.cltweb.org\\\/pt-br\\\/#organization\"},\"potentialAction\":[{\"@type\":\"SearchAction\",\"target\":{\"@type\":\"EntryPoint\",\"urlTemplate\":\"https:\\\/\\\/www.cltweb.org\\\/pt-br\\\/?s={search_term_string}\"},\"query-input\":{\"@type\":\"PropertyValueSpecification\",\"valueRequired\":true,\"valueName\":\"search_term_string\"}}],\"inLanguage\":\"pt-BR\"},{\"@type\":\"Organization\",\"@id\":\"https:\\\/\\\/www.cltweb.org\\\/pt-br\\\/#organization\",\"name\":\"International Center for Community Land Trusts\",\"url\":\"https:\\\/\\\/www.cltweb.org\\\/pt-br\\\/\",\"logo\":{\"@type\":\"ImageObject\",\"inLanguage\":\"pt-BR\",\"@id\":\"https:\\\/\\\/www.cltweb.org\\\/pt-br\\\/#\\\/schema\\\/logo\\\/image\\\/\",\"url\":\"https:\\\/\\\/www.cltweb.org\\\/wp-content\\\/uploads\\\/2024\\\/11\\\/New-CLT-Center-Text-logo.png\",\"contentUrl\":\"https:\\\/\\\/www.cltweb.org\\\/wp-content\\\/uploads\\\/2024\\\/11\\\/New-CLT-Center-Text-logo.png\",\"width\":227,\"height\":80,\"caption\":\"International Center for Community Land Trusts\"},\"image\":{\"@id\":\"https:\\\/\\\/www.cltweb.org\\\/pt-br\\\/#\\\/schema\\\/logo\\\/image\\\/\"},\"sameAs\":[\"https:\\\/\\\/www.facebook.com\\\/cltcenter\",\"https:\\\/\\\/x.com\\\/Center4CLTs\",\"https:\\\/\\\/www.instagram.com\\\/cltcenter\\\/\",\"https:\\\/\\\/www.linkedin.com\\\/company\\\/cltcenter\",\"https:\\\/\\\/www.youtube.com\\\/@centerforcltinnovation5313\"],\"description\":\"The International Center for Community Land Trusts is a not-for-profit nongovernmental organization established in 2018 to promote and to support community land trusts and similar strategies of community-led development on community-owned land in countries throughout the world.\",\"email\":\"info@communitylandtrust.net\",\"legalName\":\"International Center for Community Land Trusts\",\"foundingDate\":\"2018-12-01\",\"taxID\":\"84-3858933\",\"numberOfEmployees\":{\"@type\":\"QuantitativeValue\",\"minValue\":\"1\",\"maxValue\":\"10\"}},{\"@type\":\"Person\",\"@id\":\"https:\\\/\\\/www.cltweb.org\\\/pt-br\\\/#\\\/schema\\\/person\\\/afd3723291b60b81c27772953e5b49d6\",\"name\":\"cltredesign_0jp0l4\",\"image\":{\"@type\":\"ImageObject\",\"inLanguage\":\"pt-BR\",\"@id\":\"https:\\\/\\\/secure.gravatar.com\\\/avatar\\\/1012e57596c2454da589d773454d3eb22a64f2ff638e62850caeb654f3affad5?s=96&d=mm&r=g\",\"url\":\"https:\\\/\\\/secure.gravatar.com\\\/avatar\\\/1012e57596c2454da589d773454d3eb22a64f2ff638e62850caeb654f3affad5?s=96&d=mm&r=g\",\"contentUrl\":\"https:\\\/\\\/secure.gravatar.com\\\/avatar\\\/1012e57596c2454da589d773454d3eb22a64f2ff638e62850caeb654f3affad5?s=96&d=mm&r=g\",\"caption\":\"cltredesign_0jp0l4\"},\"sameAs\":[\"https:\\\/\\\/icclt.org\"],\"url\":\"https:\\\/\\\/www.cltweb.org\\\/pt-br\\\/author\\\/cltredesign_0jp0l4\\\/\"}]}<\/script>\n<!-- \/ Yoast SEO Premium plugin. -->","yoast_head_json":{"title":"Um olhar para o passado e para o futuro do movimento CLT dos EUA - International Center for Community Land Trusts","robots":{"index":"index","follow":"follow","max-snippet":"max-snippet:-1","max-image-preview":"max-image-preview:large","max-video-preview":"max-video-preview:-1"},"canonical":"https:\/\/www.cltweb.org\/pt-br\/2025\/10\/20\/um-olhar-para-o-passado-e-para-o-futuro-do-movimento-clt-dos-eua\/","og_locale":"pt_BR","og_type":"article","og_title":"Um olhar para o passado e para o futuro do movimento CLT dos EUA","og_description":"John Emmeus Davis falou aos participantes da confer\u00eancia 2025 Midwest CLT sobre o passado e o poss\u00edvel futuro do movimento CLT dos EUA, e o que podemos fazer para enfrentar esses tempos desafiadores. Esta \u00e9 uma transcri\u00e7\u00e3o de seus coment\u00e1rios extempor\u00e2neos.","og_url":"https:\/\/www.cltweb.org\/pt-br\/2025\/10\/20\/um-olhar-para-o-passado-e-para-o-futuro-do-movimento-clt-dos-eua\/","og_site_name":"International Center for Community Land Trusts","article_publisher":"https:\/\/www.facebook.com\/cltcenter","article_published_time":"2025-10-20T21:44:04+00:00","article_modified_time":"2025-10-20T21:59:12+00:00","author":"cltredesign_0jp0l4","twitter_card":"summary_large_image","twitter_creator":"@Center4CLTs","twitter_site":"@Center4CLTs","twitter_misc":{"Escrito por":"cltredesign_0jp0l4","Est. tempo de leitura":"15 minutos"},"schema":{"@context":"https:\/\/schema.org","@graph":[{"@type":"Article","@id":"https:\/\/www.cltweb.org\/pt-br\/2025\/10\/20\/um-olhar-para-o-passado-e-para-o-futuro-do-movimento-clt-dos-eua\/#article","isPartOf":{"@id":"https:\/\/www.cltweb.org\/pt-br\/2025\/10\/20\/um-olhar-para-o-passado-e-para-o-futuro-do-movimento-clt-dos-eua\/"},"author":{"name":"cltredesign_0jp0l4","@id":"https:\/\/www.cltweb.org\/pt-br\/#\/schema\/person\/afd3723291b60b81c27772953e5b49d6"},"headline":"Um olhar para o passado e para o futuro do movimento CLT dos EUA","datePublished":"2025-10-20T21:44:04+00:00","dateModified":"2025-10-20T21:59:12+00:00","mainEntityOfPage":{"@id":"https:\/\/www.cltweb.org\/pt-br\/2025\/10\/20\/um-olhar-para-o-passado-e-para-o-futuro-do-movimento-clt-dos-eua\/"},"wordCount":3049,"publisher":{"@id":"https:\/\/www.cltweb.org\/pt-br\/#organization"},"articleSection":["Blogs"],"inLanguage":"pt-BR"},{"@type":"WebPage","@id":"https:\/\/www.cltweb.org\/pt-br\/2025\/10\/20\/um-olhar-para-o-passado-e-para-o-futuro-do-movimento-clt-dos-eua\/","url":"https:\/\/www.cltweb.org\/pt-br\/2025\/10\/20\/um-olhar-para-o-passado-e-para-o-futuro-do-movimento-clt-dos-eua\/","name":"Um olhar para o passado e para o futuro do movimento CLT dos EUA - International Center for Community Land Trusts","isPartOf":{"@id":"https:\/\/www.cltweb.org\/pt-br\/#website"},"datePublished":"2025-10-20T21:44:04+00:00","dateModified":"2025-10-20T21:59:12+00:00","breadcrumb":{"@id":"https:\/\/www.cltweb.org\/pt-br\/2025\/10\/20\/um-olhar-para-o-passado-e-para-o-futuro-do-movimento-clt-dos-eua\/#breadcrumb"},"inLanguage":"pt-BR","potentialAction":[{"@type":"ReadAction","target":["https:\/\/www.cltweb.org\/pt-br\/2025\/10\/20\/um-olhar-para-o-passado-e-para-o-futuro-do-movimento-clt-dos-eua\/"]}]},{"@type":"BreadcrumbList","@id":"https:\/\/www.cltweb.org\/pt-br\/2025\/10\/20\/um-olhar-para-o-passado-e-para-o-futuro-do-movimento-clt-dos-eua\/#breadcrumb","itemListElement":[{"@type":"ListItem","position":1,"name":"Home","item":"https:\/\/www.cltweb.org\/pt-br\/"},{"@type":"ListItem","position":2,"name":"Um olhar para o passado e para o futuro do movimento CLT dos EUA"}]},{"@type":"WebSite","@id":"https:\/\/www.cltweb.org\/pt-br\/#website","url":"https:\/\/www.cltweb.org\/pt-br\/","name":"International Center for Community Land Trusts","description":"","publisher":{"@id":"https:\/\/www.cltweb.org\/pt-br\/#organization"},"potentialAction":[{"@type":"SearchAction","target":{"@type":"EntryPoint","urlTemplate":"https:\/\/www.cltweb.org\/pt-br\/?s={search_term_string}"},"query-input":{"@type":"PropertyValueSpecification","valueRequired":true,"valueName":"search_term_string"}}],"inLanguage":"pt-BR"},{"@type":"Organization","@id":"https:\/\/www.cltweb.org\/pt-br\/#organization","name":"International Center for Community Land Trusts","url":"https:\/\/www.cltweb.org\/pt-br\/","logo":{"@type":"ImageObject","inLanguage":"pt-BR","@id":"https:\/\/www.cltweb.org\/pt-br\/#\/schema\/logo\/image\/","url":"https:\/\/www.cltweb.org\/wp-content\/uploads\/2024\/11\/New-CLT-Center-Text-logo.png","contentUrl":"https:\/\/www.cltweb.org\/wp-content\/uploads\/2024\/11\/New-CLT-Center-Text-logo.png","width":227,"height":80,"caption":"International Center for Community Land Trusts"},"image":{"@id":"https:\/\/www.cltweb.org\/pt-br\/#\/schema\/logo\/image\/"},"sameAs":["https:\/\/www.facebook.com\/cltcenter","https:\/\/x.com\/Center4CLTs","https:\/\/www.instagram.com\/cltcenter\/","https:\/\/www.linkedin.com\/company\/cltcenter","https:\/\/www.youtube.com\/@centerforcltinnovation5313"],"description":"The International Center for Community Land Trusts is a not-for-profit nongovernmental organization established in 2018 to promote and to support community land trusts and similar strategies of community-led development on community-owned land in countries throughout the world.","email":"info@communitylandtrust.net","legalName":"International Center for Community Land Trusts","foundingDate":"2018-12-01","taxID":"84-3858933","numberOfEmployees":{"@type":"QuantitativeValue","minValue":"1","maxValue":"10"}},{"@type":"Person","@id":"https:\/\/www.cltweb.org\/pt-br\/#\/schema\/person\/afd3723291b60b81c27772953e5b49d6","name":"cltredesign_0jp0l4","image":{"@type":"ImageObject","inLanguage":"pt-BR","@id":"https:\/\/secure.gravatar.com\/avatar\/1012e57596c2454da589d773454d3eb22a64f2ff638e62850caeb654f3affad5?s=96&d=mm&r=g","url":"https:\/\/secure.gravatar.com\/avatar\/1012e57596c2454da589d773454d3eb22a64f2ff638e62850caeb654f3affad5?s=96&d=mm&r=g","contentUrl":"https:\/\/secure.gravatar.com\/avatar\/1012e57596c2454da589d773454d3eb22a64f2ff638e62850caeb654f3affad5?s=96&d=mm&r=g","caption":"cltredesign_0jp0l4"},"sameAs":["https:\/\/icclt.org"],"url":"https:\/\/www.cltweb.org\/pt-br\/author\/cltredesign_0jp0l4\/"}]}},"taxonomy_info":{"category":[{"value":291,"label":"Blogs"}]},"featured_image_src_large":false,"author_info":{"display_name":"cltredesign_0jp0l4","author_link":"https:\/\/www.cltweb.org\/pt-br\/author\/cltredesign_0jp0l4\/"},"comment_info":0,"category_info":[{"term_id":291,"name":"Blogs","slug":"blogs-pt-br","term_group":0,"term_taxonomy_id":291,"taxonomy":"category","description":"","parent":0,"count":13,"filter":"raw","cat_ID":291,"category_count":13,"category_description":"","cat_name":"Blogs","category_nicename":"blogs-pt-br","category_parent":0}],"tag_info":false,"jetpack_featured_media_url":"","jetpack_sharing_enabled":true,"jetpack-related-posts":[{"id":10140,"url":"https:\/\/www.cltweb.org\/pt-br\/2025\/10\/24\/apresentacao-do-modelo-clt-na-conferencia-de-construcao-e-vida-colaborativa-e-social-2025-da-suecia\/","url_meta":{"origin":9999,"position":0},"title":"Apresenta\u00e7\u00e3o do modelo CLT na Confer\u00eancia de Constru\u00e7\u00e3o e Vida Colaborativa e Social 2025 da Su\u00e9cia","author":"Ben Harris","date":"24 de outubro de 2025","format":false,"excerpt":"Por Jonas Lagander, Coompanion A Coompanion participou da confer\u00eancia Collaborative and Social Building and Living deste ano em Bor\u00e5s, na Su\u00e9cia, e organizou dois semin\u00e1rios sobre CLTs. Juntamente com outros parceiros relevantes, eles est\u00e3o envolvidos no projeto \"Sistemas de inova\u00e7\u00e3o local em torno das barreiras para moradias colaborativas e baseadas\u2026","rel":"","context":"Em &quot;Blogs&quot;","block_context":{"text":"Blogs","link":"https:\/\/www.cltweb.org\/pt-br\/category\/blogs-pt-br\/"},"img":{"alt_text":"","src":"https:\/\/i0.wp.com\/www.cltweb.org\/wp-content\/uploads\/2025\/10\/IMG_6480.jpg?resize=350%2C200&ssl=1","width":350,"height":200,"srcset":"https:\/\/i0.wp.com\/www.cltweb.org\/wp-content\/uploads\/2025\/10\/IMG_6480.jpg?resize=350%2C200&ssl=1 1x, https:\/\/i0.wp.com\/www.cltweb.org\/wp-content\/uploads\/2025\/10\/IMG_6480.jpg?resize=525%2C300&ssl=1 1.5x, https:\/\/i0.wp.com\/www.cltweb.org\/wp-content\/uploads\/2025\/10\/IMG_6480.jpg?resize=700%2C400&ssl=1 2x, https:\/\/i0.wp.com\/www.cltweb.org\/wp-content\/uploads\/2025\/10\/IMG_6480.jpg?resize=1050%2C600&ssl=1 3x, https:\/\/i0.wp.com\/www.cltweb.org\/wp-content\/uploads\/2025\/10\/IMG_6480.jpg?resize=1400%2C800&ssl=1 4x"},"classes":[]},{"id":9521,"url":"https:\/\/www.cltweb.org\/pt-br\/2025\/05\/21\/commons-for-justice-clts-em-todos-os-continentes-no-festival-internacional-de-habitacao-social\/","url_meta":{"origin":9999,"position":1},"title":"Commons for Justice: CLTs em todos os continentes no Festival Internacional de Habita\u00e7\u00e3o Social","author":"Ben Harris","date":"21 de maio de 2025","format":false,"excerpt":"Em uma \u00e9poca marcada por crises habitacionais, mercados de terras extrativistas e crescente desigualdade, as comunidades de todo o mundo est\u00e3o recuperando os bens comuns. No 2025 International Social Housing Festival, em Dublin, Irlanda (4 a 6 de junho), a European Community Land Trust Network realizar\u00e1 um semin\u00e1rio de 105\u2026","rel":"","context":"Em &quot;Blogs&quot;","block_context":{"text":"Blogs","link":"https:\/\/www.cltweb.org\/pt-br\/category\/blogs-pt-br\/"},"img":{"alt_text":"","src":"https:\/\/i0.wp.com\/www.cltweb.org\/wp-content\/uploads\/2025\/05\/Juliet-Can.jpeg?resize=350%2C200&ssl=1","width":350,"height":200},"classes":[]},{"id":10897,"url":"https:\/\/www.cltweb.org\/pt-br\/2025\/12\/08\/terra-nostra-press-e-a-memoria-do-movimento-clt\/","url_meta":{"origin":9999,"position":2},"title":"Terra Nostra Press e a mem\u00f3ria do movimento CLT","author":"Ben Harris","date":"8 de dezembro de 2025","format":false,"excerpt":"Esta hist\u00f3ria faz parte de nossa campanha de fim de ano que celebra como o Centro CLT est\u00e1 trabalhando para atender ao movimento global de CLT. Nesta semana, estamos destacando : Terra Nostra Press Todo movimento precisa de mem\u00f3ria. Assim como as terras e as casas que os CLTs administram\u2026","rel":"","context":"Em &quot;N\u00e3o categorizado&quot;","block_context":{"text":"N\u00e3o categorizado","link":"https:\/\/www.cltweb.org\/pt-br\/category\/nao-categorizado\/"},"img":{"alt_text":"","src":"https:\/\/i0.wp.com\/www.cltweb.org\/wp-content\/uploads\/2025\/11\/Land-for-People-Not-for-Profit-Banner.gif?resize=350%2C200&ssl=1","width":350,"height":200,"srcset":"https:\/\/i0.wp.com\/www.cltweb.org\/wp-content\/uploads\/2025\/11\/Land-for-People-Not-for-Profit-Banner.gif?resize=350%2C200&ssl=1 1x, https:\/\/i0.wp.com\/www.cltweb.org\/wp-content\/uploads\/2025\/11\/Land-for-People-Not-for-Profit-Banner.gif?resize=525%2C300&ssl=1 1.5x, https:\/\/i0.wp.com\/www.cltweb.org\/wp-content\/uploads\/2025\/11\/Land-for-People-Not-for-Profit-Banner.gif?resize=700%2C400&ssl=1 2x, https:\/\/i0.wp.com\/www.cltweb.org\/wp-content\/uploads\/2025\/11\/Land-for-People-Not-for-Profit-Banner.gif?resize=1050%2C600&ssl=1 3x, https:\/\/i0.wp.com\/www.cltweb.org\/wp-content\/uploads\/2025\/11\/Land-for-People-Not-for-Profit-Banner.gif?resize=1400%2C800&ssl=1 4x"},"classes":[]},{"id":10685,"url":"https:\/\/www.cltweb.org\/pt-br\/2025\/11\/11\/terra-para-as-pessoas-nao-para-o-lucro-construindo-a-infraestrutura-de-um-movimento-global\/","url_meta":{"origin":9999,"position":3},"title":"Terra para as pessoas, n\u00e3o para o lucro: Construindo a infraestrutura de um movimento global","author":"Ben Harris","date":"11 de novembro de 2025","format":false,"excerpt":"Este ano, o International Center for Community Land Trusts est\u00e1 lan\u00e7ando sua primeira campanha de fim de ano - uma oportunidade de refletir sobre o que estamos construindo juntos e os relacionamentos que tornam esse trabalho poss\u00edvel. Em todo o mundo, os CLTs est\u00e3o provando que outra forma de se\u2026","rel":"","context":"Em &quot;Blogs&quot;","block_context":{"text":"Blogs","link":"https:\/\/www.cltweb.org\/pt-br\/category\/blogs-pt-br\/"},"img":{"alt_text":"","src":"https:\/\/i0.wp.com\/www.cltweb.org\/wp-content\/uploads\/2025\/11\/Land-for-People-Not-For-Profit.gif?resize=350%2C200&ssl=1","width":350,"height":200,"srcset":"https:\/\/i0.wp.com\/www.cltweb.org\/wp-content\/uploads\/2025\/11\/Land-for-People-Not-For-Profit.gif?resize=350%2C200&ssl=1 1x, https:\/\/i0.wp.com\/www.cltweb.org\/wp-content\/uploads\/2025\/11\/Land-for-People-Not-For-Profit.gif?resize=525%2C300&ssl=1 1.5x, https:\/\/i0.wp.com\/www.cltweb.org\/wp-content\/uploads\/2025\/11\/Land-for-People-Not-For-Profit.gif?resize=700%2C400&ssl=1 2x, https:\/\/i0.wp.com\/www.cltweb.org\/wp-content\/uploads\/2025\/11\/Land-for-People-Not-For-Profit.gif?resize=1050%2C600&ssl=1 3x"},"classes":[]},{"id":6574,"url":"https:\/\/www.cltweb.org\/pt-br\/2022\/10\/31\/movimento-clt-de-toronto-justica-habitacional-equidade-racial-e-democracia-economica\/","url_meta":{"origin":9999,"position":4},"title":"Movimento CLT de Toronto: Justi\u00e7a Habitacional, Equidade Racial e Democracia Econ\u00f4mica","author":"cltredesign_0jp0l4","date":"31 de outubro de 2022","format":false,"excerpt":"O qu\u00ea: Justi\u00e7a habitacional, equidade racial e democracia econ\u00f4mica Quando: Sex, 4 de novembro de 2022, 6:30 PM - 8:30 PM EDT Onde: Mark's Church, 201 Cowan Avenue, Toronto, ON Se estiver participando da Confer\u00eancia #ACSP - voc\u00ea pode chegar ao local a partir do Hilton Toronto pegando o bonde\u2026","rel":"","context":"Em &quot;N\u00e3o categorizado&quot;","block_context":{"text":"N\u00e3o categorizado","link":"https:\/\/www.cltweb.org\/pt-br\/category\/nao-categorizado\/"},"img":{"alt_text":"","src":"","width":0,"height":0},"classes":[]},{"id":10665,"url":"https:\/\/www.cltweb.org\/pt-br\/2025\/11\/17\/clts-e-acao-climatica-um-movimento-crescente-para-uma-transicao-justa\/","url_meta":{"origin":9999,"position":5},"title":"CLTs e a\u00e7\u00e3o clim\u00e1tica: Um movimento crescente para uma transi\u00e7\u00e3o justa","author":"Ben Harris","date":"17 de novembro de 2025","format":false,"excerpt":"Esta hist\u00f3ria faz parte de nossa campanha de fim de ano que celebra como o Centro CLT est\u00e1 trabalhando para atender ao movimento global de CLT. Nesta semana, estamos destacando : A Iniciativa de Justi\u00e7a Clim\u00e1tica A emerg\u00eancia clim\u00e1tica n\u00e3o \u00e9 mais uma amea\u00e7a distante: ela est\u00e1 aqui, remodelando onde\u2026","rel":"","context":"Em &quot;Iniciativa de Justi\u00e7a Clim\u00e1tica&quot;","block_context":{"text":"Iniciativa de Justi\u00e7a Clim\u00e1tica","link":"https:\/\/www.cltweb.org\/pt-br\/category\/iniciativa-de-justica-climatica\/"},"img":{"alt_text":"","src":"https:\/\/i0.wp.com\/www.cltweb.org\/wp-content\/uploads\/2025\/11\/Land-for-People-Not-for-Profit-Banner.gif?resize=350%2C200&ssl=1","width":350,"height":200,"srcset":"https:\/\/i0.wp.com\/www.cltweb.org\/wp-content\/uploads\/2025\/11\/Land-for-People-Not-for-Profit-Banner.gif?resize=350%2C200&ssl=1 1x, https:\/\/i0.wp.com\/www.cltweb.org\/wp-content\/uploads\/2025\/11\/Land-for-People-Not-for-Profit-Banner.gif?resize=525%2C300&ssl=1 1.5x, https:\/\/i0.wp.com\/www.cltweb.org\/wp-content\/uploads\/2025\/11\/Land-for-People-Not-for-Profit-Banner.gif?resize=700%2C400&ssl=1 2x, https:\/\/i0.wp.com\/www.cltweb.org\/wp-content\/uploads\/2025\/11\/Land-for-People-Not-for-Profit-Banner.gif?resize=1050%2C600&ssl=1 3x, https:\/\/i0.wp.com\/www.cltweb.org\/wp-content\/uploads\/2025\/11\/Land-for-People-Not-for-Profit-Banner.gif?resize=1400%2C800&ssl=1 4x"},"classes":[]}],"_links":{"self":[{"href":"https:\/\/www.cltweb.org\/pt-br\/wp-json\/wp\/v2\/posts\/9999","targetHints":{"allow":["GET"]}}],"collection":[{"href":"https:\/\/www.cltweb.org\/pt-br\/wp-json\/wp\/v2\/posts"}],"about":[{"href":"https:\/\/www.cltweb.org\/pt-br\/wp-json\/wp\/v2\/types\/post"}],"author":[{"embeddable":true,"href":"https:\/\/www.cltweb.org\/pt-br\/wp-json\/wp\/v2\/users\/1"}],"replies":[{"embeddable":true,"href":"https:\/\/www.cltweb.org\/pt-br\/wp-json\/wp\/v2\/comments?post=9999"}],"version-history":[{"count":9,"href":"https:\/\/www.cltweb.org\/pt-br\/wp-json\/wp\/v2\/posts\/9999\/revisions"}],"predecessor-version":[{"id":10028,"href":"https:\/\/www.cltweb.org\/pt-br\/wp-json\/wp\/v2\/posts\/9999\/revisions\/10028"}],"wp:attachment":[{"href":"https:\/\/www.cltweb.org\/pt-br\/wp-json\/wp\/v2\/media?parent=9999"}],"wp:term":[{"taxonomy":"category","embeddable":true,"href":"https:\/\/www.cltweb.org\/pt-br\/wp-json\/wp\/v2\/categories?post=9999"},{"taxonomy":"post_tag","embeddable":true,"href":"https:\/\/www.cltweb.org\/pt-br\/wp-json\/wp\/v2\/tags?post=9999"}],"curies":[{"name":"wp","href":"https:\/\/api.w.org\/{rel}","templated":true}]}}